{"id":216437,"date":"2025-06-30T19:38:10","date_gmt":"2025-06-30T19:38:10","guid":{"rendered":"https:\/\/www.europesays.com\/fr\/216437\/"},"modified":"2025-06-30T19:38:10","modified_gmt":"2025-06-30T19:38:10","slug":"le-lancement-du-food-court-est-prevu-pour-la-rentree-2028","status":"publish","type":"post","link":"https:\/\/www.europesays.com\/fr\/216437\/","title":{"rendered":"le lancement du \u201cfood court\u201d est pr\u00e9vu pour la rentr\u00e9e 2028"},"content":{"rendered":"<p>C\u2019est un projet de longue date dont la finalit\u00e9 commence progressivement \u00e0 se faire jour. <a href=\"https:\/\/www.bienpublic.com\/economie\/2023\/05\/20\/ouverture-d-un-food-court-en-2026-le-projet-de-l-ecole-vatel\" target=\"_blank\" rel=\"noopener\"> L\u2019\u00e9cole h\u00f4teli\u00e8re Vatel<\/a> , en cours d\u2019implantation dans la m\u00e9tropole dijonnaise, va ouvrir son campus sur deux sites. \u00c0 Quetigny, sur l\u2019ancien site de l\u2019Enita (\u00e9cole nationale d\u2019ing\u00e9nieurs des travaux agricoles) et \u00e0 Dijon, au 12-18, rue Sully.<\/p>\n<p>Si le si\u00e8ge du campus se situera sur l\u2019antenne quetignoise, la sortie de terre de l\u2019annexe dijonnaise verra la naissance d\u2019une r\u00e9sidence \u00e9tudiante et d\u2019un food court d\u2019application sur une surface totale de pr\u00e8s de 3\u00a0600 m\u00e8tres carr\u00e9s.<\/p>\n<p>Une installation qui permettra \u00e0 pr\u00e8s de 450 \u00e9tudiants de b\u00e9n\u00e9ficier de formations pour exercer les m\u00e9tiers techniques de l\u2019h\u00f4tellerie et la restauration. \u00ab\u00a0Le d\u00e9but des travaux devrait avoir lieu \u00e0 la fin de l\u2019ann\u00e9e 2025\u00a0\u00bb, d\u00e9taille&#8230;<\/p>\n","protected":false},"excerpt":{"rendered":"C\u2019est un projet de longue date dont la finalit\u00e9 commence progressivement \u00e0 se faire jour. L\u2019\u00e9cole h\u00f4teli\u00e8re Vatel&hellip;\n","protected":false},"author":2,"featured_media":216438,"comment_status":"","ping_status":"","sticky":false,"template":"","format":"standard","meta":{"footnotes":""},"categories":[1889],"tags":[1111,11,2430,2930,8587,8588,1777,674,107,1011,27,2428,12,25,104],"class_list":{"0":"post-216437","1":"post","2":"type-post","3":"status-publish","4":"format-standard","5":"has-post-thumbnail","7":"category-lyon","8":"tag-actu","9":"tag-actualites","10":"tag-auvergne-rhone-alpes","11":"tag-dijon","12":"tag-dijon-ville","13":"tag-edition-dijon-et-son-agglomeration","14":"tag-eu","15":"tag-europe","16":"tag-fil-info","17":"tag-fr","18":"tag-france","19":"tag-lyon","20":"tag-news","21":"tag-republique-francaise","22":"tag-societe"},"share_on_mastodon":{"url":"","error":""},"_links":{"self":[{"href":"https:\/\/www.europesays.com\/fr\/wp-json\/wp\/v2\/posts\/216437","targetHints":{"allow":["GET"]}}],"collection":[{"href":"https:\/\/www.europesays.com\/fr\/wp-json\/wp\/v2\/posts"}],"about":[{"href":"https:\/\/www.europesays.com\/fr\/wp-json\/wp\/v2\/types\/post"}],"author":[{"embeddable":true,"href":"https:\/\/www.europesays.com\/fr\/wp-json\/wp\/v2\/users\/2"}],"replies":[{"embeddable":true,"href":"https:\/\/www.europesays.com\/fr\/wp-json\/wp\/v2\/comments?post=216437"}],"version-history":[{"count":0,"href":"https:\/\/www.europesays.com\/fr\/wp-json\/wp\/v2\/posts\/216437\/revisions"}],"wp:featuredmedia":[{"embeddable":true,"href":"https:\/\/www.europesays.com\/fr\/wp-json\/wp\/v2\/media\/216438"}],"wp:attachment":[{"href":"https:\/\/www.europesays.com\/fr\/wp-json\/wp\/v2\/media?parent=216437"}],"wp:term":[{"taxonomy":"category","embeddable":true,"href":"https:\/\/www.europesays.com\/fr\/wp-json\/wp\/v2\/categories?post=216437"},{"taxonomy":"post_tag","embeddable":true,"href":"https:\/\/www.europesays.com\/fr\/wp-json\/wp\/v2\/tags?post=216437"}],"curies":[{"name":"wp","href":"https:\/\/api.w.org\/{rel}","templated":true}]}}