{"id":216439,"date":"2025-06-30T19:39:21","date_gmt":"2025-06-30T19:39:21","guid":{"rendered":"https:\/\/www.europesays.com\/fr\/216439\/"},"modified":"2025-06-30T19:39:21","modified_gmt":"2025-06-30T19:39:21","slug":"lyon-un-radar-installe-quai-marechal-joffre","status":"publish","type":"post","link":"https:\/\/www.europesays.com\/fr\/216439\/","title":{"rendered":"Lyon : un radar install\u00e9 quai Mar\u00e9chal-Joffre"},"content":{"rendered":"<p><img loading=\"lazy\" decoding=\"async\" alt=\"\u00a9 Google maps - La vitesse sur le quai du Mar\u00e9chal Joffre tout comme sur le quai Tilsitt \u00e0 Lyon est limit\u00e9e \u00e0 30 km\/h.\" data-zoom-src=\"https:\/\/www.europesays.com\/fr\/wp-content\/uploads\/2025\/06\/initial-radar-automatique-limite-vitesse-quai-marechal-joffre-lyon-credit-google-maps.jpg\" data-zoomable=\"\" height=\"702\" src=\"https:\/\/www.europesays.com\/fr\/wp-content\/uploads\/2025\/06\/initial-radar-automatique-limite-vitesse-quai-marechal-joffre-lyon-credit-google-maps.jpg\" width=\"1248\"\/>  <\/p>\n<p class=\"article-desc\">\u00a9 Google maps &#8211; La vitesse sur le quai du Mar\u00e9chal Joffre tout comme sur le quai Tilsitt \u00e0 Lyon est limit\u00e9e \u00e0 30 km\/h. <\/p>\n<p>Les am\u00e9nagements r\u00e9alis\u00e9s depuis 2023 entre<strong> les quais Tilsitt et Joffre par la M\u00e9tropole de Lyon<\/strong> ne semblent pas raisonner les usagers de cet <strong>axe tr\u00e8s accidentog\u00e8ne situ\u00e9 en bord de Sa\u00f4ne<\/strong>.\u00a0 <\/p>\n<p>Apr\u00e8s avoir exprim\u00e9 cette demande, <a href=\"https:\/\/mesinfos.fr\/69000-lyon\/lyon-accidentogenes-les-quais-tilsitt-et-joffre-seront-definitivement-reamenages-207771.html\" target=\"_blank\" rel=\"noopener\">rejet\u00e9e par les services de l&rsquo;Etat \u00e0 l&rsquo;automne 2024<\/a>, la pr\u00e9fecture du Rh\u00f4ne confirme ce lundi 30 juin l&rsquo;installation \u00ab\u00a0\u00e0 titre provisoire\u00a0\u00bb d&rsquo;un <strong>radar automatique sur le quai Mar\u00e9chal-Joffre<\/strong>, entre Bellecour et Perrache. <\/p>\n<p>Vers un radar install\u00e9 d\u00e9finitivement quai Mar\u00e9chal-Joffre \u00e0 Lyon ?\u00a0 <\/p>\n<p><strong>Actif depuis le 27 juin au niveau de la rue Franklin<\/strong>, le dispositif \u00ab\u00a0vise \u00e0 r\u00e9duire les vitesses pratiqu\u00e9es\u00a0\u00bb sur cette <strong>portion limit\u00e9e \u00e0 30 km\/h<\/strong> du 2e arrondissement lyonnais o\u00f9 cohabitent v\u00e9los, pi\u00e9tons, bus, voitures et autres moyens de d\u00e9placement. <\/p>\n<p>\u00ab\u00a0La faisabilit\u00e9 technique de l\u2019installation d\u2019un radar p\u00e9renne est en cours d\u2019expertise par les services de l\u2019\u00c9tat, en lien avec la M\u00e9tropole de Lyon\u00a0\u00bb, pr\u00e9cise la <strong>pr\u00e9fecture du Rh\u00f4ne <\/strong>dans un communiqu\u00e9. <\/p>\n<p>Pour rappel, depuis 2017, une<strong> vingtaine d&rsquo;accidents dont deux mortels en 2022 et 2024<\/strong>, se sont produits sur cette portion situ\u00e9e entre les ponts Bonaparte et Kitchener-Marchand.\u00a0<\/p>\n","protected":false},"excerpt":{"rendered":"\u00a9 Google maps &#8211; La vitesse sur le quai du Mar\u00e9chal Joffre tout comme sur le quai Tilsitt&hellip;\n","protected":false},"author":2,"featured_media":216440,"comment_status":"","ping_status":"","sticky":false,"template":"","format":"standard","meta":{"footnotes":""},"categories":[1889],"tags":[1111,11,8853,2430,3542,1777,674,1011,27,2428,13099,12,25,7691],"class_list":{"0":"post-216439","1":"post","2":"type-post","3":"status-publish","4":"format-standard","5":"has-post-thumbnail","7":"category-lyon","8":"tag-actu","9":"tag-actualites","10":"tag-amu00e9nagement","11":"tag-auvergne-rhone-alpes","12":"tag-circulation","13":"tag-eu","14":"tag-europe","15":"tag-fr","16":"tag-france","17":"tag-lyon","18":"tag-mu00e9tropole-de-lyon","19":"tag-news","20":"tag-republique-francaise","21":"tag-su00e9curitu00e9"},"share_on_mastodon":{"url":"https:\/\/pubeurope.com\/@fr\/114774013650164590","error":""},"_links":{"self":[{"href":"https:\/\/www.europesays.com\/fr\/wp-json\/wp\/v2\/posts\/216439","targetHints":{"allow":["GET"]}}],"collection":[{"href":"https:\/\/www.europesays.com\/fr\/wp-json\/wp\/v2\/posts"}],"about":[{"href":"https:\/\/www.europesays.com\/fr\/wp-json\/wp\/v2\/types\/post"}],"author":[{"embeddable":true,"href":"https:\/\/www.europesays.com\/fr\/wp-json\/wp\/v2\/users\/2"}],"replies":[{"embeddable":true,"href":"https:\/\/www.europesays.com\/fr\/wp-json\/wp\/v2\/comments?post=216439"}],"version-history":[{"count":0,"href":"https:\/\/www.europesays.com\/fr\/wp-json\/wp\/v2\/posts\/216439\/revisions"}],"wp:featuredmedia":[{"embeddable":true,"href":"https:\/\/www.europesays.com\/fr\/wp-json\/wp\/v2\/media\/216440"}],"wp:attachment":[{"href":"https:\/\/www.europesays.com\/fr\/wp-json\/wp\/v2\/media?parent=216439"}],"wp:term":[{"taxonomy":"category","embeddable":true,"href":"https:\/\/www.europesays.com\/fr\/wp-json\/wp\/v2\/categories?post=216439"},{"taxonomy":"post_tag","embeddable":true,"href":"https:\/\/www.europesays.com\/fr\/wp-json\/wp\/v2\/tags?post=216439"}],"curies":[{"name":"wp","href":"https:\/\/api.w.org\/{rel}","templated":true}]}}