{"id":216453,"date":"2025-06-30T19:47:14","date_gmt":"2025-06-30T19:47:14","guid":{"rendered":"https:\/\/www.europesays.com\/fr\/216453\/"},"modified":"2025-06-30T19:47:14","modified_gmt":"2025-06-30T19:47:14","slug":"en-ukraine-la-guerre-se-reveille-la-nuit","status":"publish","type":"post","link":"https:\/\/www.europesays.com\/fr\/216453\/","title":{"rendered":"en Ukraine, la guerre se r\u00e9veille la nuit"},"content":{"rendered":"<p>    Lire\u00a0plus\u00a0tard  <\/p>\n<p><a aria-label=\"Nous suivre sur Google News\" href=\"https:\/\/news.google.com\/publications\/CAAqBwgKMJe4nQkw3dFs?hl=fr&amp;gl=FR&amp;ceid=FR%3Afr\" target=\"_blank\" data-piano=\"Page_Article,Sous_date_publi,Nous_suivre_sur_google_news,1er_clic,action\" class=\"btn btn--small btn--tertiary btn--icon-only\" rel=\"noopener\"><\/p>\n<p>      Google Actualit\u00e9s<br \/>\n  <\/a><\/p>\n<p>  Partager<\/p>\n<p>        Facebook<\/p>\n<p>        Bluesky<\/p>\n<p>        E-mail<\/p>\n<p>        Copier le lien<\/p>\n<p>      Envoyer<\/p>\n<p>  S\u2019abonner pour lire<\/p>\n<p>    Temps de lecture\u00a0:\u00a06\u00a0min.<\/p>\n<p class=\"badge badge--content-premium latino-100b\">Abonn\u00e9<\/p>\n<p class=\"article__description latino-600m mb-24 mb-lg-30\" data-oncrawl-chapo-length=\"234\">\n  \t  Reportage\u00a0<br \/>\n    A Kiev, dans la journ\u00e9e, on se croirait dans n\u2019importe quelle grande capitale europ\u00e9enne. Mais quand vient la nuit les sir\u00e8nes pr\u00e9venant d\u2019une attaque a\u00e9rienne imminente retentissent, et la guerre se rappelle soudain \u00e0 vous.<\/p>\n<p class=\"node__paragraphe antonia-750r text-grey-800 pb-24 pb-md-30\">\nPeut-on s\u2019habituer \u00e0 la guerre\u00a0? Voil\u00e0 ce que je me suis demand\u00e9, jeudi 26\u00a0juin au soir, en arrivant \u00e0 Kiev. Et aussi\u00a0: o\u00f9, diable, les Ukrainiens trouvent-ils encore cette force, cette capacit\u00e9 de r\u00e9silience, pour vivre, rire, se balader main dans la main, aller au cin\u00e9ma ou siroter des bi\u00e8res en terrasse comme s\u2019ils se trouvaient sur les Champs-Elys\u00e9es\u00a0? Ce soir-l\u00e0, la ville de 3\u00a0millions d\u2019habitants \u00e9tait paisible. Il restait encore deux heures avant le couvre-feu, en vigueur \u00e0 partir de minuit, et, m\u00eame si les rues se vidaient, la guerre semblait bien loin.<\/p>\n<p class=\"node__paragraphe antonia-750r text-grey-800 pb-8\">\nIl \u00e9tait un peu moins d\u2019une heure du matin, quand la premi\u00e8re sir\u00e8ne avertissant d\u2019une attaque a\u00e9rienne a soudain retenti, comme un rappel brutal de la r\u00e9alit\u00e9. J\u2019ai regard\u00e9 par la fen\u00eatre, une pluie d\u2019\u00e9tincelles et de tra\u00een\u00e9es lumineuses z\u00e9brait le ciel. Etait-ce loin, \u00e9tait-ce proche\u00a0? Aucune id\u00e9e. Comment savoir, quand on n\u2019est pas un sp\u00e9cialiste de la chose militaire\u00a0? On n\u2019entendait pas d\u2019explosion en tout cas. Mais mon t\u00e9l\u00e9phone, lui, \u00e9tai\u2026<\/p>\n<p class=\"latino-100m text-blue-400\">Article r\u00e9serv\u00e9 aux abonn\u00e9s.<\/p>\n<p>          Se connecter<\/p>\n<p class=\"text-center antonia-1850c\" style=\"margin-bottom:4px;\">Envie de lire la suite ?<\/p>\n<p class=\"text-center antonia-800c pb-15\">Tous nos articles en int\u00e9gralit\u00e9 d\u00e8s\u00a01\u20ac<\/p>\n<p>        S&rsquo;abonner<\/p>\n<p class=\"text-grey-700 or\">ou<\/p>\n<p>            <img width=\"164\" height=\"20\" src=\"data:image\/svg+xml,%3Csvg%20xmlns%3D%27http%3A%2F%2Fwww.w3.org%2F2000%2Fsvg%27%20fill%3D%22%23e4e4e4%22%20viewBox%3D%270%200%20282%2054%27%20width%3D%22282%22%20height%3D%2254%22%3E%3Cpath%20d%3D%27M0%200h282v54H0z%27%2F%3E%3C%2Fsvg%3E\"  class=\"js-swg-placeholder\" alt=\"Subscribe with Google\" loading=\"lazy\" decoding=\"async\"\/><\/p>\n<p>          D\u00e9couvrir toutes nos offres<\/p>\n","protected":false},"excerpt":{"rendered":"Lire\u00a0plus\u00a0tard Google Actualit\u00e9s Partager Facebook Bluesky E-mail Copier le lien Envoyer S\u2019abonner pour lire Temps de lecture\u00a0:\u00a06\u00a0min. Abonn\u00e9&hellip;\n","protected":false},"author":2,"featured_media":216454,"comment_status":"","ping_status":"","sticky":false,"template":"","format":"standard","meta":{"footnotes":""},"categories":[1590],"tags":[17,11,289,1777,674,1146,131,74,12,293,35580,220],"class_list":{"0":"post-216453","1":"post","2":"type-post","3":"status-publish","4":"format-standard","5":"has-post-thumbnail","7":"category-ukraine","8":"tag-17","9":"tag-actualites","10":"tag-dormir","11":"tag-eu","12":"tag-europe","13":"tag-guerre","14":"tag-guerre-en-ukraine","15":"tag-monde","16":"tag-news","17":"tag-nuit","18":"tag-reveille","19":"tag-ukraine"},"share_on_mastodon":{"url":"https:\/\/pubeurope.com\/@fr\/114774045204349431","error":""},"_links":{"self":[{"href":"https:\/\/www.europesays.com\/fr\/wp-json\/wp\/v2\/posts\/216453","targetHints":{"allow":["GET"]}}],"collection":[{"href":"https:\/\/www.europesays.com\/fr\/wp-json\/wp\/v2\/posts"}],"about":[{"href":"https:\/\/www.europesays.com\/fr\/wp-json\/wp\/v2\/types\/post"}],"author":[{"embeddable":true,"href":"https:\/\/www.europesays.com\/fr\/wp-json\/wp\/v2\/users\/2"}],"replies":[{"embeddable":true,"href":"https:\/\/www.europesays.com\/fr\/wp-json\/wp\/v2\/comments?post=216453"}],"version-history":[{"count":0,"href":"https:\/\/www.europesays.com\/fr\/wp-json\/wp\/v2\/posts\/216453\/revisions"}],"wp:featuredmedia":[{"embeddable":true,"href":"https:\/\/www.europesays.com\/fr\/wp-json\/wp\/v2\/media\/216454"}],"wp:attachment":[{"href":"https:\/\/www.europesays.com\/fr\/wp-json\/wp\/v2\/media?parent=216453"}],"wp:term":[{"taxonomy":"category","embeddable":true,"href":"https:\/\/www.europesays.com\/fr\/wp-json\/wp\/v2\/categories?post=216453"},{"taxonomy":"post_tag","embeddable":true,"href":"https:\/\/www.europesays.com\/fr\/wp-json\/wp\/v2\/tags?post=216453"}],"curies":[{"name":"wp","href":"https:\/\/api.w.org\/{rel}","templated":true}]}}