{"id":216455,"date":"2025-06-30T19:48:13","date_gmt":"2025-06-30T19:48:13","guid":{"rendered":"https:\/\/www.europesays.com\/fr\/216455\/"},"modified":"2025-06-30T19:48:13","modified_gmt":"2025-06-30T19:48:13","slug":"un-croque-mort-condamne-a-20-ans-de-prison","status":"publish","type":"post","link":"https:\/\/www.europesays.com\/fr\/216455\/","title":{"rendered":"un croque-mort condamn\u00e9 \u00e0 20 ans de prison"},"content":{"rendered":"<p>L\u2019affaire est sordide. Alors qu\u2019il aurait d\u00fb assurer le service fun\u00e9raire des personnes d\u00e9c\u00e9d\u00e9es, un g\u00e9rant d&rsquo;une entreprise de pompes fun\u00e8bres du Colorado, aux \u00c9tats-Unis, conservait les corps \u00e0 son domicile. Il a \u00e9t\u00e9 condamn\u00e9 \u00e0 20 ans de prison et \u00e0 une amende de plus d&rsquo;un million de dollars pour \u00ab\u00a0complot en vue de commettre une fraude \u00e9lectronique\u00a0\u00bb, rapporte <a href=\"https:\/\/www.bfmtv.com\/international\/amerique-nord\/etats-unis\/des-actes-inhumains-un-americain-gerant-de-pompes-funebres-condamne-a-20-ans-de-prison-pour-avoir-conserve-pres-de-200-corps-chez-lui_AN-202506280228.html\" target=\"_blank\" rel=\"nofollow noopener\">BFMTV<\/a>, reprenant les propos du procureur du Colorado dans un <a href=\"https:\/\/www.justice.gov\/usao-co\/pr\/colorado-springs-funeral-home-operator-sentenced-gruesome-fraud-scheme\" target=\"_blank\" rel=\"nofollow noopener\">communiqu\u00e9<\/a> publi\u00e9 vendredi 27 juin.<\/p>\n<p>Ce contenu est bloqu\u00e9 car vous n&rsquo;avez pas accept\u00e9 les cookies et autres traceurs.<\/p>\n<p>En cliquant sur \u00ab J\u2019accepte \u00bb, les cookies et autres traceurs seront d\u00e9pos\u00e9s et vous pourrez visualiser les contenus  (<a href=\"\" class=\"consentModule_policy\" target=\"_blank\" title=\"Consulter la politique de protection des donn\u00e9es du fournisseur\">plus d&rsquo;informations<\/a>).<\/p>\n<p>En cliquant sur \u00ab J\u2019accepte tous les cookies \u00bb, vous autorisez des d\u00e9p\u00f4ts de cookies et autres traceurs pour le stockage de vos donn\u00e9es sur nos sites et applications \u00e0 des fins de personnalisation et de ciblage publicitaire.<\/p>\n<p class=\"consentModule_secondaryText\">Vous gardez la possibilit\u00e9 de retirer votre consentement \u00e0 tout moment en consultant notre <a href=\"https:\/\/www.ledauphine.com\/protection-des-donnees\" target=\"_blank\" title=\"Consulter notre politique de protection des donn\u00e9es\" rel=\"nofollow noopener\">politique de protection des donn\u00e9es<\/a>. <br \/>&#13;<br \/>\n            <a href=\"https:\/\/www.ledauphine.com\/faits-divers-justice\/2025\/06\/30\/javascript:Didomi.notice.show()\" class=\"consentModule_cmp\" rel=\"nofollow noopener\" target=\"_blank\">G\u00e9rer mes choix<\/a>&#13;\n        <\/p>\n<p>&#13;<br \/>\n                        J&rsquo;accepte&#13;<br \/>\n            J&rsquo;accepte tous les cookies&#13;\n        <\/p>\n<p>  Des urnes remplies avec un \u00ab\u00a0m\u00e9lange de b\u00e9ton sec\u00a0\u00bb<\/p>\n<p>Jon Hallford, 45 ans, directeur des pompes fun\u00e8bres avec son \u00e9pouse Carie Hallford, a ainsi conserv\u00e9 au moins 190 cadavres chez eux au lieu de les enterrer ou de les incin\u00e9rer, entre septembre 2019 et octobre 2023. Le tout en percevant plus de 130 000 dollars de la part des proches pour l&rsquo;organisation de services fun\u00e9raires\u2026 jamais r\u00e9alis\u00e9s. \u00ab\u00a0Au lieu d&rsquo;assurer la bonne pr\u00e9paration des corps, Hallford les as accumul\u00e9 dans divers \u00e9tats de d\u00e9composition \u00e0 l&rsquo;int\u00e9rieur du salon fun\u00e9raire\u00a0\u00bb, d\u00e9plore le procureur dans le communiqu\u00e9.<\/p>\n<p>Pour dissimuler les faits, en plus d&rsquo;envoyer des certificats de d\u00e9c\u00e8s \u00e0 l&rsquo;\u00c9tat indiquant faussement \u00ab\u00a0cr\u00e9mation ou inhumation\u00a0\u00bb, le g\u00e9rant aurait aussi, \u00e0 plusieurs reprises, fourni aux membres de la famille des urnes remplies de \u00ab\u00a0m\u00e9lange de b\u00e9ton sec\u00a0\u00bb au lieu des restes incin\u00e9r\u00e9s de leurs proches. Il aurait \u00e9galement, au moins \u00e0 deux reprises, remis le mauvais corps aux familles pour l&rsquo;enterrement.<\/p>\n<p>  \u00ab Je suis si profond\u00e9ment d\u00e9sol\u00e9 \u00bb<\/p>\n<p>\u00ab La fraude criminelle de Jon Hallford \u00e9tait un moyen d\u2019exploiter les familles en deuil afin de pouvoir profiter d\u2019une vie luxueuse avec belles voitures et vacances co\u00fbteuses \u00bb, a d\u00e9clar\u00e9 le procureur f\u00e9d\u00e9ral Peter McNeilly. Le couple avait \u00e9galement obtenu plus de 880 000 dollars d&rsquo;aide du gouvernement\u00a0pour les entreprises en difficult\u00e9s pendant la pand\u00e9mie de Covid-19.<\/p>\n<p>Ce contenu est bloqu\u00e9 car vous n&rsquo;avez pas accept\u00e9 les cookies et autres traceurs.<\/p>\n<p>En cliquant sur \u00ab J\u2019accepte \u00bb, les cookies et autres traceurs seront d\u00e9pos\u00e9s et vous pourrez visualiser les contenus  (<a href=\"\" class=\"consentModule_policy\" target=\"_blank\" title=\"Consulter la politique de protection des donn\u00e9es du fournisseur\">plus d&rsquo;informations<\/a>).<\/p>\n<p>En cliquant sur \u00ab J\u2019accepte tous les cookies \u00bb, vous autorisez des d\u00e9p\u00f4ts de cookies et autres traceurs pour le stockage de vos donn\u00e9es sur nos sites et applications \u00e0 des fins de personnalisation et de ciblage publicitaire.<\/p>\n<p class=\"consentModule_secondaryText\">Vous gardez la possibilit\u00e9 de retirer votre consentement \u00e0 tout moment en consultant notre <a href=\"https:\/\/www.ledauphine.com\/protection-des-donnees\" target=\"_blank\" title=\"Consulter notre politique de protection des donn\u00e9es\" rel=\"nofollow noopener\">politique de protection des donn\u00e9es<\/a>. <br \/>&#13;<br \/>\n            <a href=\"https:\/\/www.ledauphine.com\/faits-divers-justice\/2025\/06\/30\/javascript:Didomi.notice.show()\" class=\"consentModule_cmp\" rel=\"nofollow noopener\" target=\"_blank\">G\u00e9rer mes choix<\/a>&#13;\n        <\/p>\n<p>&#13;<br \/>\n                        J&rsquo;accepte&#13;<br \/>\n            J&rsquo;accepte tous les cookies&#13;\n        <\/p>\n<p>Alert\u00e9s par les riverains se plaignant d\u2019une odeur naus\u00e9abonde, les enqu\u00eateurs ont retrouv\u00e9 la centaine de corps en 2023 empil\u00e9s les uns sur les autres dans un immeuble infest\u00e9 d&rsquo;insectes, \u00e0 Penrose, une petite ville situ\u00e9e au sud de Denver. \u00ab Je suis si profond\u00e9ment d\u00e9sol\u00e9 pour mes actions [\u2026] Je me d\u00e9teste toujours pour ce que j\u2019ai fait \u00bb, a de son c\u00f4t\u00e9 d\u00e9clar\u00e9 Jon Hallford. Son \u00e9pouse doit \u00eatre \u00e0 son tour jug\u00e9e en septembre.<\/p>\n","protected":false},"excerpt":{"rendered":"L\u2019affaire est sordide. Alors qu\u2019il aurait d\u00fb assurer le service fun\u00e9raire des personnes d\u00e9c\u00e9d\u00e9es, un g\u00e9rant d&rsquo;une entreprise&hellip;\n","protected":false},"author":2,"featured_media":216456,"comment_status":"","ping_status":"","sticky":false,"template":"","format":"standard","meta":{"footnotes":""},"categories":[1589],"tags":[11,271,272,73,1866,274,107,329,12,1864,1865,1863,308],"class_list":{"0":"post-216455","1":"post","2":"type-post","3":"status-publish","4":"format-standard","5":"has-post-thumbnail","7":"category-etats-unis","8":"tag-actualites","9":"tag-crime","10":"tag-delit-et-contravention","11":"tag-etats-unis","12":"tag-etats-unis-damerique","13":"tag-faits-divers-justice","14":"tag-fil-info","15":"tag-france-monde","16":"tag-news","17":"tag-united-states","18":"tag-united-states-of-america","19":"tag-us","20":"tag-usa"},"share_on_mastodon":{"url":"https:\/\/pubeurope.com\/@fr\/114774049011897276","error":""},"_links":{"self":[{"href":"https:\/\/www.europesays.com\/fr\/wp-json\/wp\/v2\/posts\/216455","targetHints":{"allow":["GET"]}}],"collection":[{"href":"https:\/\/www.europesays.com\/fr\/wp-json\/wp\/v2\/posts"}],"about":[{"href":"https:\/\/www.europesays.com\/fr\/wp-json\/wp\/v2\/types\/post"}],"author":[{"embeddable":true,"href":"https:\/\/www.europesays.com\/fr\/wp-json\/wp\/v2\/users\/2"}],"replies":[{"embeddable":true,"href":"https:\/\/www.europesays.com\/fr\/wp-json\/wp\/v2\/comments?post=216455"}],"version-history":[{"count":0,"href":"https:\/\/www.europesays.com\/fr\/wp-json\/wp\/v2\/posts\/216455\/revisions"}],"wp:featuredmedia":[{"embeddable":true,"href":"https:\/\/www.europesays.com\/fr\/wp-json\/wp\/v2\/media\/216456"}],"wp:attachment":[{"href":"https:\/\/www.europesays.com\/fr\/wp-json\/wp\/v2\/media?parent=216455"}],"wp:term":[{"taxonomy":"category","embeddable":true,"href":"https:\/\/www.europesays.com\/fr\/wp-json\/wp\/v2\/categories?post=216455"},{"taxonomy":"post_tag","embeddable":true,"href":"https:\/\/www.europesays.com\/fr\/wp-json\/wp\/v2\/tags?post=216455"}],"curies":[{"name":"wp","href":"https:\/\/api.w.org\/{rel}","templated":true}]}}