{"id":216457,"date":"2025-06-30T19:49:09","date_gmt":"2025-06-30T19:49:09","guid":{"rendered":"https:\/\/www.europesays.com\/fr\/216457\/"},"modified":"2025-06-30T19:49:09","modified_gmt":"2025-06-30T19:49:09","slug":"pourquoi-les-canicules-paraissent-pires-au-royaume-uni-quailleurs","status":"publish","type":"post","link":"https:\/\/www.europesays.com\/fr\/216457\/","title":{"rendered":"pourquoi les canicules paraissent pires au Royaume-Uni qu\u2019ailleurs"},"content":{"rendered":"\n<p>\u201cLundi en fusion\u201d, <a class=\"ithalc\" data-ithal=\"lien_externe\" data-ithalc=\"[nav_article]\" target=\"_blank\" href=\"https:\/\/www.dailystar.co.uk\/news\/latest-news\/britain-roast-meltdown-monday-sizzling-35472100?utm_source=mynewsassistant.com&amp;utm_medium=referral&amp;utm_campaign=embedded_search_item_desktop\" rel=\"noopener\">s\u2019enflamme le <strong>Daily Star<\/strong><\/a><strong>.<\/strong>\u00a0Dans son style caract\u00e9ristique, volontiers excessif, le tablo\u00efd londonien mettait ce 30\u00a0juin ses lecteurs en garde contre une journ\u00e9e \u201cbouillante\u201d au Royaume-Uni. Dans la moiti\u00e9 sud de l\u2019Angleterre, <a class=\"ithalc\" data-ithal=\"lien_externe\" data-ithalc=\"[nav_article]\" target=\"_blank\" href=\"https:\/\/weather.metoffice.gov.uk\/forecast\/gcpvj0v07#?date=2025-06-30\" rel=\"noopener\">le mercure tutoyait les 30\u00a0degr\u00e9s \u00e0 la mi-journ\u00e9e<\/a>, avant des pr\u00e9visions \u00e0 33\u00a0degr\u00e9s en fin d\u2019apr\u00e8s-midi puis 34\u00a0degr\u00e9s mardi. \u201cIl fait plus chaud qu\u2019\u00e0 Acapulco\u201d, revendique le journal populaire.<\/p>\n<blockquote><p>\u201cLes routes vont fondre [\u2026] et la productivit\u00e9 va baisser de 10\u00a0%, puisque les travailleurs ne pourront pas se concentrer ou pr\u00e9f\u00e9reront se mettre au frais pour regarder Wimbledon \u00e0 la t\u00e9l\u00e9.\u201d<\/p><\/blockquote>\n<p>\u00c0 Londres, les premiers coups de raquette du prestigieux tournoi de tennis se d\u00e9roulaient lundi sous des temp\u00e9ratures \u201cqui pourraient \u00eatre in\u00e9dites pour un d\u00e9but de comp\u00e9tition\u201d, <a class=\"ithalc\" data-ithal=\"lien_externe\" data-ithalc=\"[nav_article]\" target=\"_blank\" href=\"https:\/\/www.theguardian.com\/uk-news\/2025\/jun\/29\/uk-weather-heatwave-could-result-hottest-start-to-wimbledon\" rel=\"noopener\">glisse <strong>The Guardian<\/strong><\/a><strong>. <\/strong>Coupl\u00e9 au manque de pr\u00e9cipitations ces derni\u00e8res semaines, un tel niveau de chaleur \u201cfait redouter des d\u00e9parts d\u2019incendies\u201d dans les nombreux espaces verts de la capitale britannique, selon le quotidien de r\u00e9f\u00e9rence.<\/p>\n<p>Dix jours apr\u00e8s la derni\u00e8re vague de chaleur, ce nouvel \u00e9pisode caniculaire, rendu plus probable par le d\u00e9r\u00e8glement climatique, pousse la presse \u00e0 s\u2019int<\/p>\n","protected":false},"excerpt":{"rendered":"\u201cLundi en fusion\u201d, s\u2019enflamme le Daily Star.\u00a0Dans son style caract\u00e9ristique, volontiers excessif, le tablo\u00efd londonien mettait ce 30\u00a0juin&hellip;\n","protected":false},"author":2,"featured_media":216458,"comment_status":"","ping_status":"","sticky":false,"template":"","format":"standard","meta":{"footnotes":""},"categories":[1588],"tags":[11,6698,4734,1777,674,12,473,1853,41,17345,1857,1851,1850,1852],"class_list":{"0":"post-216457","1":"post","2":"type-post","3":"status-publish","4":"format-standard","5":"has-post-thumbnail","7":"category-royaume-uni","8":"tag-actualites","9":"tag-canicule","10":"tag-changement-climatique","11":"tag-eu","12":"tag-europe","13":"tag-news","14":"tag-royaume-uni","15":"tag-royaume-uni-de-grande-bretagne-et-dirlande-du-nord","16":"tag-sciences","17":"tag-sciences-et-environnement","18":"tag-sociu00e9tu00e9","19":"tag-uk","20":"tag-united-kingdom","21":"tag-united-kingdom-of-great-britain-and-northern-ireland"},"share_on_mastodon":{"url":"https:\/\/pubeurope.com\/@fr\/114774053420730828","error":""},"_links":{"self":[{"href":"https:\/\/www.europesays.com\/fr\/wp-json\/wp\/v2\/posts\/216457","targetHints":{"allow":["GET"]}}],"collection":[{"href":"https:\/\/www.europesays.com\/fr\/wp-json\/wp\/v2\/posts"}],"about":[{"href":"https:\/\/www.europesays.com\/fr\/wp-json\/wp\/v2\/types\/post"}],"author":[{"embeddable":true,"href":"https:\/\/www.europesays.com\/fr\/wp-json\/wp\/v2\/users\/2"}],"replies":[{"embeddable":true,"href":"https:\/\/www.europesays.com\/fr\/wp-json\/wp\/v2\/comments?post=216457"}],"version-history":[{"count":0,"href":"https:\/\/www.europesays.com\/fr\/wp-json\/wp\/v2\/posts\/216457\/revisions"}],"wp:featuredmedia":[{"embeddable":true,"href":"https:\/\/www.europesays.com\/fr\/wp-json\/wp\/v2\/media\/216458"}],"wp:attachment":[{"href":"https:\/\/www.europesays.com\/fr\/wp-json\/wp\/v2\/media?parent=216457"}],"wp:term":[{"taxonomy":"category","embeddable":true,"href":"https:\/\/www.europesays.com\/fr\/wp-json\/wp\/v2\/categories?post=216457"},{"taxonomy":"post_tag","embeddable":true,"href":"https:\/\/www.europesays.com\/fr\/wp-json\/wp\/v2\/tags?post=216457"}],"curies":[{"name":"wp","href":"https:\/\/api.w.org\/{rel}","templated":true}]}}