{"id":216465,"date":"2025-06-30T19:53:12","date_gmt":"2025-06-30T19:53:12","guid":{"rendered":"https:\/\/www.europesays.com\/fr\/216465\/"},"modified":"2025-06-30T19:53:12","modified_gmt":"2025-06-30T19:53:12","slug":"une-coulee-de-boue-bloque-la-circulation-routiere-sur-laxe-principal-de-la-vallee-de-lubaye","status":"publish","type":"post","link":"https:\/\/www.europesays.com\/fr\/216465\/","title":{"rendered":"Une coul\u00e9e de boue bloque la circulation routi\u00e8re sur l&rsquo;axe principal de la vall\u00e9e de l&rsquo;Ubaye"},"content":{"rendered":"<p>Si \u00e0 <a href=\"https:\/\/www.laprovence.com\/alpes-de-haute-provence\/barcelonnette-04019\" target=\"_blank\" rel=\"noopener\">Barcelonnette<\/a>, l\u2019une d\u2019entre elles est rest\u00e9e sans cons\u00e9quence pour la circulation routi\u00e8re, une autre coul\u00e9e de boue, qui s\u2019est produite vers 17 heures entre Jausiers et La Condamine-Ch\u00e2telard, sur la route d\u00e9partementale 900, a \u00e9t\u00e9 bien plus probl\u00e9matique.<\/p>\n<p>Aucune possibilit\u00e9 de d\u00e9viation<\/p>\n<p>La boue qui est arriv\u00e9e sur la chauss\u00e9e a bloqu\u00e9 totalement la circulation sur la route principale de la <a href=\"https:\/\/www.laprovence.com\/article\/region\/75860859656051\/la-vallee-de-lubaye-une-pepite-pour-toutes-les-activites-de-pleine-nature\" target=\"_blank\" rel=\"noopener\">vall\u00e9e de l\u2019Ubaye<\/a>. \u00ab\u00a0Il n\u2019y a pas de possibilit\u00e9 de d\u00e9viation\u00a0\u00bb, glisse la gendarmerie nationale. Sur place, le d\u00e9blaiement a rapidement \u00e9t\u00e9 organis\u00e9 par le D\u00e9partement, gestionnaire de cette route.<\/p>\n<p>Les automobilistes bloqu\u00e9s ont pris leur mal en patience en attendant que la route puisse rouvrir en toute s\u00e9curit\u00e9.<\/p>\n<p>\u00ab\u00a0Je pense que \u00e7a va se d\u00e9bloquer rapidement, rassurait <a href=\"https:\/\/www.laprovence.com\/article\/region\/359534693247415\/a-la-condamine-chatelard-des-financements-record-pour-lannee-2025\" target=\"_blank\" rel=\"noopener\">\u00c9lisabeth Jacques, maire de La Condamine-Ch\u00e2telard<\/a> et \u00e9lue d\u00e9partementale. Cette coul\u00e9e de boue a \u00e9t\u00e9 caus\u00e9e par un orage tr\u00e8s localis\u00e9 qui a men\u00e9 \u00e0 une surcharge d\u2019un ruisseau en amont de Jausiers. C\u2019est un \u00e9pisode climatique assez soudain\u00a0\u00bb.<\/p>\n<p>La route a pu rouvrir vers 19h30.\u00a0<\/p>\n","protected":false},"excerpt":{"rendered":"Si \u00e0 Barcelonnette, l\u2019une d\u2019entre elles est rest\u00e9e sans cons\u00e9quence pour la circulation routi\u00e8re, une autre coul\u00e9e de&hellip;\n","protected":false},"author":2,"featured_media":216466,"comment_status":"","ping_status":"","sticky":false,"template":"","format":"standard","meta":{"footnotes":""},"categories":[2],"tags":[17,11,17273,35582,3542,35581,274,1011,27,12,25,25324,3356,96],"class_list":{"0":"post-216465","1":"post","2":"type-post","3":"status-publish","4":"format-standard","5":"has-post-thumbnail","7":"category-actualites","8":"tag-17","9":"tag-actualites","10":"tag-bloque","11":"tag-boue","12":"tag-circulation","13":"tag-coulee","14":"tag-faits-divers-justice","15":"tag-fr","16":"tag-france","17":"tag-news","18":"tag-republique-francaise","19":"tag-routiere","20":"tag-sur","21":"tag-une"},"share_on_mastodon":{"url":"https:\/\/pubeurope.com\/@fr\/114774068733809490","error":""},"_links":{"self":[{"href":"https:\/\/www.europesays.com\/fr\/wp-json\/wp\/v2\/posts\/216465","targetHints":{"allow":["GET"]}}],"collection":[{"href":"https:\/\/www.europesays.com\/fr\/wp-json\/wp\/v2\/posts"}],"about":[{"href":"https:\/\/www.europesays.com\/fr\/wp-json\/wp\/v2\/types\/post"}],"author":[{"embeddable":true,"href":"https:\/\/www.europesays.com\/fr\/wp-json\/wp\/v2\/users\/2"}],"replies":[{"embeddable":true,"href":"https:\/\/www.europesays.com\/fr\/wp-json\/wp\/v2\/comments?post=216465"}],"version-history":[{"count":0,"href":"https:\/\/www.europesays.com\/fr\/wp-json\/wp\/v2\/posts\/216465\/revisions"}],"wp:featuredmedia":[{"embeddable":true,"href":"https:\/\/www.europesays.com\/fr\/wp-json\/wp\/v2\/media\/216466"}],"wp:attachment":[{"href":"https:\/\/www.europesays.com\/fr\/wp-json\/wp\/v2\/media?parent=216465"}],"wp:term":[{"taxonomy":"category","embeddable":true,"href":"https:\/\/www.europesays.com\/fr\/wp-json\/wp\/v2\/categories?post=216465"},{"taxonomy":"post_tag","embeddable":true,"href":"https:\/\/www.europesays.com\/fr\/wp-json\/wp\/v2\/tags?post=216465"}],"curies":[{"name":"wp","href":"https:\/\/api.w.org\/{rel}","templated":true}]}}