{"id":216471,"date":"2025-06-30T19:56:12","date_gmt":"2025-06-30T19:56:12","guid":{"rendered":"https:\/\/www.europesays.com\/fr\/216471\/"},"modified":"2025-06-30T19:56:12","modified_gmt":"2025-06-30T19:56:12","slug":"nastasia-nadaud-grande-premiere-a-evian","status":"publish","type":"post","link":"https:\/\/www.europesays.com\/fr\/216471\/","title":{"rendered":"Nastasia Nadaud, grande premi\u00e8re \u00e0 Evian !"},"content":{"rendered":"<p>\t\t\t\t\t\t<img width=\"770\" height=\"556\" src=\"https:\/\/www.europesays.com\/fr\/wp-content\/uploads\/2025\/06\/nastasia-nadaud-2-tristan-joneslet-770x556.jpg\" class=\"img-responsive wp-post-image\" alt=\"\" decoding=\"async\" fetchpriority=\"high\"  \/>\t\t\t\t\t<\/p>\n<p>\t\t\t\t\t\t Partager cet article <\/p>\n<p class=\"screen-reader-text juiz_sps_maybe_hidden_text\">Partager la publication \u00ab\u00a0Nastasia Nadaud, grande premi\u00e8re \u00e0 Evian !\u00a0\u00bb<\/p>\n<p><strong>175e joueuse mondiale, 13e de l\u2019ordre du m\u00e9rite du Ladies European Tour (LET), Nastasia Nadaud b\u00e9n\u00e9ficie d\u2019une invitation pour disputer du 10 au 13 juillet l\u2019Amundi Evian Championship. Avec C\u00e9line Boutier, Pauline Roussin-Bouchard et Perrine Delacour, il y aura donc quatre Fran\u00e7aises au d\u00e9part du 4e Majeur de la saison !\u00a0<\/strong><\/p>\n<p>\u00a0<\/p>\n<p><strong>L.V.<\/strong><\/p>\n<p>A 20 ans seulement, pass\u00e9e professionnelle au d\u00e9but de l\u2019ann\u00e9e 2023, <strong>Nastasia Nadaud<\/strong> va disputer son tout premier <strong>Amundi Evian Championship<\/strong> (10-13 juillet). La native de Chamb\u00e9ry, licenci\u00e9e au <strong>Golf Club d\u2019Aix-les-Bains 1895<\/strong>, fait ainsi partie avec la Suissesse <strong>Morgane Metraux<\/strong>, la Malaisienne <strong>Mirabel Ting<\/strong>, et les trois amateures <strong>Gianna Clemente<\/strong> (USA), <strong>Lottie Woad<\/strong> (Angleterre) et <strong>Maria Marin<\/strong> (Colombie) des six joueuses b\u00e9n\u00e9ficiant d\u2019une invitation pour le 4e Majeur de la saison.\u00a0<\/p>\n<p>Coach\u00e9e par <strong>Robin Cocq<\/strong>, Nastasia Nadaud n\u2019a manqu\u00e9 qu\u2019un seul cut cette saison sur le LET en 14 d\u00e9parts. <a href=\"https:\/\/www.golfplanete.com\/actualites\/let-amundi-german-masters-shannon-tan-devance-helen-briem-de-justesse-top-20-pour-ariane-klotz-et-camille-chevalier\/\" target=\"_blank\" rel=\"noopener nofollow\">39e le week-end pass\u00e9 en Allemagne<\/a>, elle avait accroch\u00e9 juste avant une superbe 2e place en Belgique le 15 juin au <strong>Hulencourt Women\u2019s Open<\/strong>.\u00a0<\/p>\n<p>\t\t\t\t\t<a id=\"177269\" href=\"https:\/\/www.golfcapdagde.com\/\" target=\"_blank\" rel=\"sponsorised nofollow noopener\"><img decoding=\"async\" src=\"data:image\/svg+xml,%3Csvg%20xmlns=\" http:=\"\" class=\"img-responsive\" alt=\"\" data-lazy-src=\"https:\/\/www.europesays.com\/fr\/wp-content\/uploads\/2025\/06\/capdagdegolf-e01-experience-golf-1170x275-1.gif\"\/><\/a><\/p>\n<p>Cette pure Savoyarde qui a d\u00e9but\u00e9 le golf \u00e0 l\u2019\u00e2ge de six ans avait avou\u00e9 r\u00e9cemment que son r\u00eave le plus fou serait de gagner un Majeur, de pr\u00e9f\u00e9rence \u00e0 Evian. Alors qui sait ? Elle sera en tout cas l\u2019une des quatre Fran\u00e7aises \u00e0 suivre de tr\u00e8s pr\u00e8s la semaine prochaine avec <strong>C\u00e9line Boutier<\/strong>, victorieuse en 2023, <strong>Pauline Roussin-Bouchard<\/strong>, qui demeure sur <a href=\"https:\/\/www.golfplanete.com\/actualites\/troisieme-titre-en-majeur-pour-minjee-lee-pauline-roussin-bouchard-signe-sa-meilleure-performance\/\" target=\"_blank\" rel=\"noopener nofollow\">une 10e place au KPMG Women\u2019s PGA Championship<\/a>, et <strong>Perrine Delacour<\/strong>, qui s\u2019\u00e9lancera pour son sixi\u00e8me Evian !\u00a0<\/p>\n<p>\u00a0<\/p>\n<p>Photo : Tristan Jones \/ LET<\/p>\n","protected":false},"excerpt":{"rendered":"Partager cet article Partager la publication \u00ab\u00a0Nastasia Nadaud, grande premi\u00e8re \u00e0 Evian !\u00a0\u00bb 175e joueuse mondiale, 13e de&hellip;\n","protected":false},"author":2,"featured_media":216472,"comment_status":"","ping_status":"","sticky":false,"template":"","format":"standard","meta":{"footnotes":""},"categories":[1418],"tags":[1011,27,1472,60],"class_list":{"0":"post-216471","1":"post","2":"type-post","3":"status-publish","4":"format-standard","5":"has-post-thumbnail","7":"category-golf","8":"tag-fr","9":"tag-france","10":"tag-golf","11":"tag-sports"},"share_on_mastodon":{"url":"https:\/\/pubeurope.com\/@fr\/114774080497443654","error":""},"_links":{"self":[{"href":"https:\/\/www.europesays.com\/fr\/wp-json\/wp\/v2\/posts\/216471","targetHints":{"allow":["GET"]}}],"collection":[{"href":"https:\/\/www.europesays.com\/fr\/wp-json\/wp\/v2\/posts"}],"about":[{"href":"https:\/\/www.europesays.com\/fr\/wp-json\/wp\/v2\/types\/post"}],"author":[{"embeddable":true,"href":"https:\/\/www.europesays.com\/fr\/wp-json\/wp\/v2\/users\/2"}],"replies":[{"embeddable":true,"href":"https:\/\/www.europesays.com\/fr\/wp-json\/wp\/v2\/comments?post=216471"}],"version-history":[{"count":0,"href":"https:\/\/www.europesays.com\/fr\/wp-json\/wp\/v2\/posts\/216471\/revisions"}],"wp:featuredmedia":[{"embeddable":true,"href":"https:\/\/www.europesays.com\/fr\/wp-json\/wp\/v2\/media\/216472"}],"wp:attachment":[{"href":"https:\/\/www.europesays.com\/fr\/wp-json\/wp\/v2\/media?parent=216471"}],"wp:term":[{"taxonomy":"category","embeddable":true,"href":"https:\/\/www.europesays.com\/fr\/wp-json\/wp\/v2\/categories?post=216471"},{"taxonomy":"post_tag","embeddable":true,"href":"https:\/\/www.europesays.com\/fr\/wp-json\/wp\/v2\/tags?post=216471"}],"curies":[{"name":"wp","href":"https:\/\/api.w.org\/{rel}","templated":true}]}}