{"id":216492,"date":"2025-06-30T20:08:09","date_gmt":"2025-06-30T20:08:09","guid":{"rendered":"https:\/\/www.europesays.com\/fr\/216492\/"},"modified":"2025-06-30T20:08:09","modified_gmt":"2025-06-30T20:08:09","slug":"10-000-euros-pour-un-week-end-a-secret-story-rachel-legrain-trapani-a-encaisse-un-joli-cheque-a-la-place-dune-autre-miss-france","status":"publish","type":"post","link":"https:\/\/www.europesays.com\/fr\/216492\/","title":{"rendered":"\u00ab\u00a010 000 euros\u00a0\u00bb pour un week-end \u00e0 \u00ab\u00a0Secret Story\u00a0\u00bb : Rachel Legrain-Trapani a encaiss\u00e9 un joli ch\u00e8que, \u00e0 la place d&rsquo;une autre Miss France"},"content":{"rendered":"<p><strong>\u00ab\u00a0Bonjour, Rachel !\u2026 non Rosa\u00a0\u00bb<\/strong>. Une tirade devenue culte, qui parle \u00e0 tous les fans de <strong>\u00ab\u00a0Secret Story\u00a0\u00bb<\/strong>. Cette d\u00e9claration, nous la devons \u00e0 <a href=\"https:\/\/www.public.fr\/rachel-legrain-trapani-un-enormissime-tatouage-de-marquinhos-sur-la-cuisse-son-compagnon-a-craque\" target=\"_blank\" rel=\"noopener\">Rachel Legrain-Trapani,<\/a> sacr\u00e9e Miss France en 2007 et <a href=\"https:\/\/vsd.fr\/31001-rachel-legrain-trapani-dans-secret-story-j-ai-eu-l-impression-d-entrer-dans-la-cage-aux-lions\/\" target=\"_blank\" rel=\"noopener\">candidate au jeu de TF1<\/a> deux ans plus tard.<\/p>\n<p>Grim\u00e9e en \u00ab\u00a0Rosa\u00a0\u00bb, l\u2019ex-reine de beaut\u00e9 a d\u00fb tenter de berner les candidats de la troisi\u00e8me saison du jeu mais n\u2019aura tenu seulement quelques minutes. Son secret \u00e9tant buzz\u00e9 par L\u00e9o, presque \u00e0 son arriv\u00e9e dans la maison des secrets.<\/p>\n<p>Aujourd\u2019hui, Rachel Legrain-Trapani regrette sa participation comme elle l\u2019a reconnu aupr\u00e8s de nos confr\u00e8res du Buzz TV du Figaro ce lundi 30 juin 2025. N\u00e9anmoins, celle qui coule aujourd\u2019hui des jours heureux <a href=\"https:\/\/www.public.fr\/rachel-legrain-trapani-au-plus-mal-la-demande-en-mariage-de-valentin-leonard-tombe-a-l-eau-decouvrez-pourquoi\" target=\"_blank\" rel=\"noopener\">dans les bras de Valentin L\u00e9onard<\/a>, reconna\u00eet avoir empoch\u00e9 un joli ch\u00e8que pour l\u2019occasion.\u00a0<\/p>\n<p>Une autre Miss France devait participer<\/p>\n<p>L\u2019ancienne Miss France a profit\u00e9 de son passage pour d\u00e9voiler les coulisses de sa participation. Que son secret se fasse buzzer ou non, il \u00e9tait, dans tous les cas, pr\u00e9vu qu\u2019elle ne reste qu\u2019un week-end dans le jeu. De plus, une autre Miss France devait en r\u00e9alit\u00e9 prendre sa place au d\u00e9part.\u00a0<\/p>\n<p>\u00ab\u00a0En fait&#8230; <strong>\u00c0 la base, ce n\u2019\u00e9tait pas moi qui devais participer,<\/strong> sauf que, ben, la Miss France qui s&rsquo;est d\u00e9sist\u00e9e\u2026 elle s\u2019est d\u00e9sist\u00e9e la veille\u00a0\u00bb, a r\u00e9v\u00e9l\u00e9 Rachel Legrain-Trapani avant de confier : \u00ab\u00a0On s\u2019est prostern\u00e9 \u00e0 mes pieds : \u2018Rachel, il faut absolument que tu nous aides!\u2019. Non, mais parce qu&rsquo;en fait, ils avaient tout mis\u00e9 l\u00e0-dessus, sur une ancienne Miss France\u00a0\u00bb.<\/p>\n<p>L\u2019occasion pour Sarah Lecoeuvre de faire remarquer : \u00ab\u00a0C\u2019est peut-\u00eatre pour \u00e7a que le grimage a \u00e9t\u00e9 rat\u00e9 ?\u00a0\u00bb. \u00ab\u00a0Ah non, mais tout \u00e9tait, tout \u00e9tait \u00e0 l&rsquo;arrache, en fait\u00a0\u00bb, a alors \u00e0 moiti\u00e9 confirm\u00e9 l\u2019ex-reine de beaut\u00e9. Selon celle-ci tout a \u00e9t\u00e9 fait \u00ab\u00a0le jeudi soir pour le vendredi\u00a0\u00bb. \u00ab\u00a0Et moi, je leur ai dit : \u2018Mais moi,<strong> je peux rester que le week-end parce que le lundi, je travaille en Sardaigne<\/strong>\u2019. Donc j&rsquo;ai dit que de toute fa\u00e7on quoi qu&rsquo;il arrive, je suis oblig\u00e9e de partir le dimanche\u00a0\u00bb, a-t-elle r\u00e9v\u00e9l\u00e9 par la m\u00eame occasion.<\/p>\n<p>Rachel Legrain-Trapani a encaiss\u00e9 un important ch\u00e8que, mais regrette sa participation<\/p>\n<p>En ce qui concerne la somme propos\u00e9e, Rachel Legrain-Trapani reconna\u00eet qu\u2019elle \u00e9tait int\u00e9ressante : \u00ab\u00a0Je ne sais plus. C&rsquo;\u00e9tait dans les <strong>10 000 \u20ac pour le week-end<\/strong>\u00ab\u00a0. Mais si c\u2019\u00e9tait \u00e0 refaire, elle ne participerait plus \u00e0 <strong>\u00ab\u00a0Secret Story\u00a0\u00bb<\/strong>.<\/p>\n<p>Et pour cause, cela lui a ferm\u00e9 de nombreuses portes alors qu\u2019on lui avait promis le contraire : \u00ab\u00a0<strong>\u00e7a a fait l&rsquo;effet compl\u00e8tement inverse\u00a0\u00bb. <\/strong><\/p>\n<p>\u00ab\u00a0Alors que j&rsquo;avais commenc\u00e9 \u00e0 \u00eatre animatrice sur l\u2019\u00c9quipe TV, tout \u00e7a. J&rsquo;\u00e9tais bien. Ce n&rsquo;\u00e9tait pas du tout le truc qu&rsquo;il fallait faire. Apr\u00e8s, j&rsquo;avais 19 ans, donc on fait des choix qui ne sont pas forc\u00e9ment les bons. Mais apr\u00e8s, avec le recul, je me dis\u00a0que \u00e7a reste une exp\u00e9rience. Et puis, au moins, je sais que les choses \u00e0 faire et ne pas faire, donc je ne referai plus de t\u00e9l\u00e9r\u00e9alit\u00e9\u00a0\u00bb, a finalement conclu Rachel Legrain-Trapani.\u00a0<\/p>\n<blockquote class=\"twitter-tweet\">\n<p>\u00ab\u00a0On se prosterne \u00e0 mes pieds !\u00a0\u00bb : Rachel Legrain-Trapani explique comment la production l&rsquo;a convaincue de participer \u00e0 la troisi\u00e8me saison de \u00ab\u00a0Secret Story\u00a0\u00bb. <a href=\"https:\/\/twitter.com\/hashtag\/BuzzTV?src=hash&amp;ref_src=twsrc%5Etfw\" target=\"_blank\" rel=\"noopener\">#BuzzTV<\/a> <a href=\"https:\/\/t.co\/APWWJqZuVh\">pic.twitter.com\/APWWJqZuVh<\/a><\/p>\n<p>\u2014 TV Magazine (@TVMAG) <a href=\"https:\/\/twitter.com\/TVMAG\/status\/1939700453614453015?ref_src=twsrc%5Etfw\" target=\"_blank\" rel=\"noopener\">June 30, 2025<\/a><\/p><\/blockquote>\n<p>      Mentionn\u00e9s dans cet article<\/p>\n<p>\u00c0 lire aussi<\/p>\n<p><script async src=\"https:\/\/platform.twitter.com\/widgets.js\" charset=\"utf-8\"><\/script><\/p>\n","protected":false},"excerpt":{"rendered":"\u00ab\u00a0Bonjour, Rachel !\u2026 non Rosa\u00a0\u00bb. Une tirade devenue culte, qui parle \u00e0 tous les fans de \u00ab\u00a0Secret Story\u00a0\u00bb.&hellip;\n","protected":false},"author":2,"featured_media":216493,"comment_status":"","ping_status":"","sticky":false,"template":"","format":"standard","meta":{"footnotes":""},"categories":[1356],"tags":[58,59,1011,27,3034,26191,29901,252,199,1364],"class_list":{"0":"post-216492","1":"post","2":"type-post","3":"status-publish","4":"format-standard","5":"has-post-thumbnail","7":"category-television","8":"tag-divertissement","9":"tag-entertainment","10":"tag-fr","11":"tag-france","12":"tag-miss-france","13":"tag-rachel-legrain-trapani","14":"tag-secret-story","15":"tag-television","16":"tag-tf1","17":"tag-tv"},"share_on_mastodon":{"url":"https:\/\/pubeurope.com\/@fr\/114774127591918245","error":""},"_links":{"self":[{"href":"https:\/\/www.europesays.com\/fr\/wp-json\/wp\/v2\/posts\/216492","targetHints":{"allow":["GET"]}}],"collection":[{"href":"https:\/\/www.europesays.com\/fr\/wp-json\/wp\/v2\/posts"}],"about":[{"href":"https:\/\/www.europesays.com\/fr\/wp-json\/wp\/v2\/types\/post"}],"author":[{"embeddable":true,"href":"https:\/\/www.europesays.com\/fr\/wp-json\/wp\/v2\/users\/2"}],"replies":[{"embeddable":true,"href":"https:\/\/www.europesays.com\/fr\/wp-json\/wp\/v2\/comments?post=216492"}],"version-history":[{"count":0,"href":"https:\/\/www.europesays.com\/fr\/wp-json\/wp\/v2\/posts\/216492\/revisions"}],"wp:featuredmedia":[{"embeddable":true,"href":"https:\/\/www.europesays.com\/fr\/wp-json\/wp\/v2\/media\/216493"}],"wp:attachment":[{"href":"https:\/\/www.europesays.com\/fr\/wp-json\/wp\/v2\/media?parent=216492"}],"wp:term":[{"taxonomy":"category","embeddable":true,"href":"https:\/\/www.europesays.com\/fr\/wp-json\/wp\/v2\/categories?post=216492"},{"taxonomy":"post_tag","embeddable":true,"href":"https:\/\/www.europesays.com\/fr\/wp-json\/wp\/v2\/tags?post=216492"}],"curies":[{"name":"wp","href":"https:\/\/api.w.org\/{rel}","templated":true}]}}