{"id":216498,"date":"2025-06-30T20:11:09","date_gmt":"2025-06-30T20:11:09","guid":{"rendered":"https:\/\/www.europesays.com\/fr\/216498\/"},"modified":"2025-06-30T20:11:09","modified_gmt":"2025-06-30T20:11:09","slug":"enceinte-de-7-mois-elle-meurt-dune-peritonite-renvoyee-4-fois-des-urgences-les-medecins-de-lhopital-pensaient-quelle-avait-une-gastro-enterite","status":"publish","type":"post","link":"https:\/\/www.europesays.com\/fr\/216498\/","title":{"rendered":"Enceinte de 7 mois, elle meurt d\u2019une p\u00e9ritonite\u00a0: renvoy\u00e9e 4 fois des urgences, les m\u00e9decins de l\u2019h\u00f4pital pensaient qu\u2019elle avait une gastro-ent\u00e9rite"},"content":{"rendered":"<p>\n                                                                Samara avait 24 ans, elle \u00e9tait enceinte de 7 mois.\n                            <\/p>\n<p>Il n\u2019y a pas qu\u2019en France que l\u2019h\u00f4pital est en crise. En Espagne aussi, la situation y est tr\u00e8s tendue. Et les cas \u00ab\u00a0extr\u00eames\u00a0\u00bb de gens pas ou mal soign\u00e9s se multiplient.<\/p>\n<p>Ce lundi, <a href=\"https:\/\/www.diaridegirona.cat\/comarques\/2025\/06\/28\/familia-gironina-denuncia-hospital-mort-filla-embarassada-119125192.html\" target=\"_self\" rel=\"nofollow noopener\">nos confr\u00e8res du Diari de Girona<\/a> r\u00e9v\u00e8lent la plainte d\u2019une famille catalane contre l\u2019h\u00f4pital de Llerena, pr\u00e8s de Badajoz.<\/p>\n<p>Selon cette famille, l\u2019h\u00f4pital s\u2019est rendu coupable de n\u00e9gligences qui ont amen\u00e9 la mort de leur fille Samara, \u00e2g\u00e9e de 24 ans.<\/p>\n<p>Les faits remontent \u00e0 la fin de l\u2019ann\u00e9e derni\u00e8re. Enceinte de 7 mois, Samara est prise de <strong>maux de ventre<\/strong> et de<strong> vomissements<\/strong>. C\u2019est alors en toute logique qu\u2019elle se dirige vers les services d\u2019urgences de l\u2019h\u00f4pital. Entre le\u00a011\u00a0octobre et le 28\u00a0d\u00e9cembre, Samara a \u00e9t\u00e9 renvoy\u00e9e chez elle avec le m\u00eame diagnostic \u00e0 chaque fois\u00a0: une <strong>gastro-ent\u00e9rite<\/strong>.<\/p>\n<p>Identifications<\/p>\n<p>Sauf que les choses ont d\u00e9g\u00e9n\u00e9r\u00e9. Samara retourne \u00e0 l\u2019h\u00f4pital \u00e0 10\u00a0heures du matin. Elle est renvoy\u00e9e chez elle trois heures plus tard mais se voit contrainte d\u2019y retourner \u00e0 18\u00a0heures. Sous surveillance toute la nuit, elle subit des examens le lendemain matin qui r\u00e9v\u00e8lent que l\u2019enfant qu\u2019elle attendait est mort. Son \u00e9tat continue d\u2019empirer. Selon les propos de sa maman, elle perdait connaissance et \u00ab\u00a0se noyait dans son propre vomi\u00a0\u00bb.<\/p>\n<p>15 minutes apr\u00e8s l\u2019alerte, le personnel de sant\u00e9 pratiquait les man\u0153uvres d\u2019urgence. 45 minutes plus tard, le d\u00e9c\u00e8s de Samara \u00e9tait constat\u00e9. Cause du d\u00e9c\u00e8s\u00a0: une p\u00e9ritonite.<\/p>\n<blockquote data-class=\"twitter-tweet\">\n<p lang=\"ca\" dir=\"ltr\">Una fam\u00edlia gironina denuncia un hospital per homicidi per la mort de la seva filla embarassada de 7 mesos <a href=\"https:\/\/t.co\/0Qc8nsKiib\" rel=\"nofollow\">https:\/\/t.co\/0Qc8nsKiib<\/a><\/p>\n<p>\u2014 Diari de Girona (@DiarideGirona) <a href=\"https:\/\/twitter.com\/DiarideGirona\/status\/1938855432790933562?ref_src=twsrc%5Etfw\" rel=\"nofollow noopener\" target=\"_blank\">June 28, 2025<\/a><\/p><\/blockquote>\n<p>La famille de Samara a port\u00e9 l\u2019affaire devant la justice et r\u00e9clame r\u00e9paration. Un juge a m\u00eame demand\u00e9 l\u2019identification des m\u00e9decins et des personnels de sant\u00e9 impliqu\u00e9s.<\/p>\n<p>                                                                                                                                                                                                        <script async src=\"https:\/\/platform.twitter.com\/widgets.js\" charset=\"utf-8\"><\/script><\/p>\n","protected":false},"excerpt":{"rendered":"Samara avait 24 ans, elle \u00e9tait enceinte de 7 mois. Il n\u2019y a pas qu\u2019en France que l\u2019h\u00f4pital&hellip;\n","protected":false},"author":2,"featured_media":216499,"comment_status":"","ping_status":"","sticky":false,"template":"","format":"standard","meta":{"footnotes":""},"categories":[10],"tags":[1011,27,72,71],"class_list":{"0":"post-216498","1":"post","2":"type-post","3":"status-publish","4":"format-standard","5":"has-post-thumbnail","7":"category-sante","8":"tag-fr","9":"tag-france","10":"tag-health","11":"tag-sante"},"share_on_mastodon":{"url":"https:\/\/pubeurope.com\/@fr\/114774139447972857","error":""},"_links":{"self":[{"href":"https:\/\/www.europesays.com\/fr\/wp-json\/wp\/v2\/posts\/216498","targetHints":{"allow":["GET"]}}],"collection":[{"href":"https:\/\/www.europesays.com\/fr\/wp-json\/wp\/v2\/posts"}],"about":[{"href":"https:\/\/www.europesays.com\/fr\/wp-json\/wp\/v2\/types\/post"}],"author":[{"embeddable":true,"href":"https:\/\/www.europesays.com\/fr\/wp-json\/wp\/v2\/users\/2"}],"replies":[{"embeddable":true,"href":"https:\/\/www.europesays.com\/fr\/wp-json\/wp\/v2\/comments?post=216498"}],"version-history":[{"count":0,"href":"https:\/\/www.europesays.com\/fr\/wp-json\/wp\/v2\/posts\/216498\/revisions"}],"wp:featuredmedia":[{"embeddable":true,"href":"https:\/\/www.europesays.com\/fr\/wp-json\/wp\/v2\/media\/216499"}],"wp:attachment":[{"href":"https:\/\/www.europesays.com\/fr\/wp-json\/wp\/v2\/media?parent=216498"}],"wp:term":[{"taxonomy":"category","embeddable":true,"href":"https:\/\/www.europesays.com\/fr\/wp-json\/wp\/v2\/categories?post=216498"},{"taxonomy":"post_tag","embeddable":true,"href":"https:\/\/www.europesays.com\/fr\/wp-json\/wp\/v2\/tags?post=216498"}],"curies":[{"name":"wp","href":"https:\/\/api.w.org\/{rel}","templated":true}]}}