{"id":216502,"date":"2025-06-30T20:13:09","date_gmt":"2025-06-30T20:13:09","guid":{"rendered":"https:\/\/www.europesays.com\/fr\/216502\/"},"modified":"2025-06-30T20:13:09","modified_gmt":"2025-06-30T20:13:09","slug":"la-philippe-etchebest-americaine-nous-a-quitte-a-55-ans","status":"publish","type":"post","link":"https:\/\/www.europesays.com\/fr\/216502\/","title":{"rendered":"la Philippe Etchebest am\u00e9ricaine nous a quitt\u00e9 \u00e0 55 ans"},"content":{"rendered":"<p>Pendant ce temps, un autre visage bien connu des amateurs de<br \/>\ncuisine s\u2019est envol\u00e9 outre-Atlantique pour une immersion<br \/>\ninattendue. Philippe Etchebest, dans une nouvelle \u00e9mission diffus\u00e9e<br \/>\nr\u00e9cemment, on le d\u00e9couvre en pleine tourn\u00e9e am\u00e9ricaine, \u00e0 la<br \/>\nrencontre d\u2019univers culinaires aux antipodes de ceux qu\u2019il a<br \/>\nl\u2019habitude de dompter. Apr\u00e8s avoir redress\u00e9 des \u00e9tablissements en<br \/>\nperdition et arbitr\u00e9 les plus grandes brigades du petit \u00e9cran, ce<br \/>\nchef au temp\u00e9rament bien tremp\u00e9 d\u00e9voile ici une facette plus<br \/>\nintime, plus exploratrice. Et ce n\u2019est pas tout : longtemps avant<br \/>\nles fourneaux, il faisait d\u00e9j\u00e0 vibrer la sc\u00e8ne\u2026 derri\u00e8re une<br \/>\nbatterie, dans un groupe de rock. Une \u00e9nergie brute qu\u2019il semble<br \/>\naujourd\u2019hui mettre au service de chaque assiette.<\/p>\n<p>Elle \u00e9tait le Philippe Etchebest am\u00e9ricain<\/p>\n<p>Si Anne Burrell a rapidement conquis les cuisines les plus<br \/>\nprestigieuses, c\u2019est bien sur les plateaux t\u00e9l\u00e9 qu\u2019elle deviendra<br \/>\nune v\u00e9ritable ic\u00f4ne. En animant l\u2019\u00e9mission <strong>Worst Cooks<br \/>\nin America<\/strong>, un concours d\u00e9jant\u00e9 mettant en sc\u00e8ne les<br \/>\npires cuisiniers du pays, elle explose les scores d\u2019audience. Sa<br \/>\nbonhomie, son franc-parler et sa capacit\u00e9 \u00e0 transmettre avec<br \/>\npassion et p\u00e9dagogie ont fait d\u2019elle un visage incontournable des<br \/>\nprogrammes culinaires am\u00e9ricains.<\/p>\n<p><strong>Son look unique<\/strong>, cheveux peroxyd\u00e9s, tenues<br \/>\ncolor\u00e9es, sourire d\u00e9sarmant, est devenu sa marque de fabrique. Les<br \/>\nt\u00e9l\u00e9spectateurs la consid\u00e9raient comme l\u2019amie qu\u2019on r\u00eaverait<br \/>\nd\u2019avoir dans sa cuisine, capable de transformer un plat d\u00e9sastreux<br \/>\nen festin de roi. En juin 2020, la cheffe fait d\u2019ailleurs sensation<br \/>\ndans un \u00e9pisode \u00e9v\u00e9nement face \u00e0 Bobby Flay, \u00e9paul\u00e9e par\u2026 <a href=\"https:\/\/www.melty.fr\/people\/gigi-hadid-le-mannequin-arrete-par-la-police-aux-iles-caimans-1124540.html\" target=\"_blank\" rel=\"noopener\"><br \/>\nGigi Hadid, r\u00e9cemment arr\u00eat\u00e9e par la police<\/a> ! Un duo inattendu<br \/>\nmais redoutable, qui d\u00e9montre l\u2019aisance d\u2019Anne Burrell \u00e0 naviguer<br \/>\nentre exigence culinaire et divertissement. Elle \u00e9tait \u00e9galement<br \/>\ntr\u00e8s engag\u00e9e et n\u2019a jamais cach\u00e9 son orientation sexuelle. Apr\u00e8s un<br \/>\ncoming out lesbien en 2018, elle rencontre Stuart Claxton via<br \/>\nl\u2019application Bumble. Un coup de foudre qui les m\u00e8nera \u00e0 se dire<br \/>\noui le 16 octobre 2021, dans une c\u00e9r\u00e9monie \u00e9mouvante, salu\u00e9e dans<br \/>\nles m\u00e9dias LGBTQ+ comme un bel exemple de visibilit\u00e9 positive.<\/p>\n<p>Le dernier souffle d\u2019une femme<br \/>\nlumineuse<\/p>\n<p>C\u2019est \u00e0 Brooklyn, le 17 juin 2025, que <strong>le monde perd une<br \/>\nfigure embl\u00e9matique<\/strong>. La nouvelle est tomb\u00e9e comme un<br \/>\ncouperet, laissant les fans, coll\u00e8gues et proches dans une profonde<br \/>\ntristesse. \u00ab\u00a0Son enthousiasme contagieux, son rire<br \/>\ncaract\u00e9ristique et ses comp\u00e9tences culinaires lui ont permis de se<br \/>\nd\u00e9marquer dans le monde de la t\u00e9l\u00e9vision culinaire\u00a0\u00bb, a<br \/>\nsoulign\u00e9 le magazine People dans son hommage.<\/p>\n<p>Les hommages affluent, et nombreux sont ceux qui, \u00e0 travers le<br \/>\nmonde, saluent la m\u00e9moire d\u2019une femme exceptionnelle.<br \/>\n\u00ab\u00a0<strong>La lumi\u00e8re de son restaurant a rayonn\u00e9 bien au-del\u00e0 de<br \/>\nceux qu\u2019elle connaissait, touchant des millions de<br \/>\npersonnes<\/strong>\u00ab\u00a0, d\u00e9clare un communiqu\u00e9 officiel, rendant<br \/>\nhommage \u00e0 celle que le magazine Public surnomme d\u00e9sormais<br \/>\n\u00ab\u00a0la Philippe Etchebest am\u00e9ricaine\u00a0\u00bb. Une comparaison<br \/>\nflatteuse, qui t\u00e9moigne du respect profond qu\u2019elle suscitait dans<br \/>\nl\u2019univers impitoyable de la t\u00e9l\u00e9vision culinaire. Ironie du sort,<br \/>\nc\u2019est en pleine diffusion sur M6 de l\u2019\u00e9mission Un chef au bout<br \/>\ndu monde, avec Philippe Etchebest en vedette, <a href=\"https:\/\/www.melty.fr\/tele\/en-pleine-reconversion-surprenante-philippe-etchebest-se-lache-je-veux-voir-toutes-les-filles-2242469.html\" target=\"_blank\" rel=\"noopener\"><br \/>\nactuellement en pleine reconversion professionnelle<\/a>, que la<br \/>\ntriste nouvelle a \u00e9t\u00e9 annonc\u00e9e. Un parall\u00e8le troublant entre ces<br \/>\ndeux chefs passionn\u00e9s, v\u00e9ritables moteurs d\u2019un art qui transcende<br \/>\nles fronti\u00e8res.<\/p>\n","protected":false},"excerpt":{"rendered":"Pendant ce temps, un autre visage bien connu des amateurs de cuisine s\u2019est envol\u00e9 outre-Atlantique pour une immersion&hellip;\n","protected":false},"author":2,"featured_media":216503,"comment_status":"","ping_status":"","sticky":false,"template":"","format":"standard","meta":{"footnotes":""},"categories":[8],"tags":[905,58,59,1011,27],"class_list":{"0":"post-216502","1":"post","2":"type-post","3":"status-publish","4":"format-standard","5":"has-post-thumbnail","7":"category-divertissement","8":"tag-a-la-une-melty","9":"tag-divertissement","10":"tag-entertainment","11":"tag-fr","12":"tag-france"},"share_on_mastodon":{"url":"https:\/\/pubeurope.com\/@fr\/114774148232577790","error":""},"_links":{"self":[{"href":"https:\/\/www.europesays.com\/fr\/wp-json\/wp\/v2\/posts\/216502","targetHints":{"allow":["GET"]}}],"collection":[{"href":"https:\/\/www.europesays.com\/fr\/wp-json\/wp\/v2\/posts"}],"about":[{"href":"https:\/\/www.europesays.com\/fr\/wp-json\/wp\/v2\/types\/post"}],"author":[{"embeddable":true,"href":"https:\/\/www.europesays.com\/fr\/wp-json\/wp\/v2\/users\/2"}],"replies":[{"embeddable":true,"href":"https:\/\/www.europesays.com\/fr\/wp-json\/wp\/v2\/comments?post=216502"}],"version-history":[{"count":0,"href":"https:\/\/www.europesays.com\/fr\/wp-json\/wp\/v2\/posts\/216502\/revisions"}],"wp:featuredmedia":[{"embeddable":true,"href":"https:\/\/www.europesays.com\/fr\/wp-json\/wp\/v2\/media\/216503"}],"wp:attachment":[{"href":"https:\/\/www.europesays.com\/fr\/wp-json\/wp\/v2\/media?parent=216502"}],"wp:term":[{"taxonomy":"category","embeddable":true,"href":"https:\/\/www.europesays.com\/fr\/wp-json\/wp\/v2\/categories?post=216502"},{"taxonomy":"post_tag","embeddable":true,"href":"https:\/\/www.europesays.com\/fr\/wp-json\/wp\/v2\/tags?post=216502"}],"curies":[{"name":"wp","href":"https:\/\/api.w.org\/{rel}","templated":true}]}}