{"id":216504,"date":"2025-06-30T20:14:12","date_gmt":"2025-06-30T20:14:12","guid":{"rendered":"https:\/\/www.europesays.com\/fr\/216504\/"},"modified":"2025-06-30T20:14:12","modified_gmt":"2025-06-30T20:14:12","slug":"ces-perles-orange-viennent-du-coeur-de-la-lune-leur-origine-enfin-revelee-par-les-chercheurs","status":"publish","type":"post","link":"https:\/\/www.europesays.com\/fr\/216504\/","title":{"rendered":"\u00ab Ces perles orange viennent du c\u0153ur de la Lune \u00bb : leur origine enfin r\u00e9v\u00e9l\u00e9e par les chercheurs"},"content":{"rendered":"<tr>\n<td><strong>EN BREF<\/strong><\/td>\n<\/tr>\n<tr>\n<td>\n<ul>\n<li>\ud83c\udf15 Les astronautes d\u2019Apollo 11 ont d\u00e9couvert de myst\u00e9rieuses <strong>perles de verre orange<\/strong> sur la Lune en 1969.<\/li>\n<li>\ud83c\udf0b Ces perles sont des vestiges d\u2019anciennes <strong>\u00e9ruptions volcaniques<\/strong> survenues il y a plus de trois milliards d\u2019ann\u00e9es.<\/li>\n<li>\ud83d\udd2c Gr\u00e2ce aux <strong>outils modernes<\/strong>, les scientifiques analysent d\u00e9sormais ces perles sans les endommager.<\/li>\n<li>\ud83c\udfa8 Les couleurs vari\u00e9es des perles r\u00e9v\u00e8lent des informations pr\u00e9cieuses sur les <strong>conditions g\u00e9ologiques<\/strong> pass\u00e9es de la Lune.<\/li>\n<\/ul>\n<\/td>\n<\/tr>\n<p>Lorsque Neil Armstrong et Buzz Aldrin ont foul\u00e9 le sol lunaire en 1969, ils ont d\u00e9couvert bien plus que des roches et de la poussi\u00e8re. Parmi les trouvailles inattendues, de minuscules perles de verre orange vif, plus petites que des grains de sable, ont capt\u00e9 l\u2019attention des chercheurs. Ces myst\u00e9rieuses particules, rest\u00e9es en suspens dans l\u2019imaginaire collectif pendant des d\u00e9cennies, ont finalement r\u00e9v\u00e9l\u00e9 leurs secrets gr\u00e2ce aux avanc\u00e9es scientifiques modernes. Les chercheurs ont d\u00e9couvert que ces perles sont issues d\u2019\u00e9ruptions volcaniques datant de plus de trois milliards d\u2019ann\u00e9es, illustrant un pass\u00e9 volcanique actif de notre satellite naturel.<\/p>\n<p>La formation des perles lunaires<\/p>\n<p>Les perles de verre orange trouv\u00e9es sur la Lune sont des vestiges fascinants de son histoire g\u00e9ologique. Form\u00e9es il y a 3,3 \u00e0 3,6 milliards d\u2019ann\u00e9es, ces particules sont le r\u00e9sultat d\u2019\u00e9ruptions volcaniques puissantes qui ont projet\u00e9 de la mati\u00e8re en fusion \u00e0 la surface lunaire. <strong>En l\u2019absence d\u2019une atmosph\u00e8re protectrice<\/strong>, le vide spatial a instantan\u00e9ment solidifi\u00e9 ces gouttes de lave, cr\u00e9ant ainsi les perles que nous \u00e9tudions aujourd\u2019hui. Ces formations volcaniques t\u00e9moignent de la p\u00e9riode o\u00f9 la Lune \u00e9tait g\u00e9ologiquement active, r\u00e9v\u00e9lant des conditions tr\u00e8s diff\u00e9rentes de celles que nous connaissons actuellement.<\/p>\n<p>Sur Terre, les \u00e9l\u00e9ments atmosph\u00e9riques et m\u00e9t\u00e9orologiques auraient rapidement alt\u00e9r\u00e9 ces perles. Cependant, gr\u00e2ce \u00e0 l\u2019absence d\u2019atmosph\u00e8re sur la Lune, elles ont \u00e9t\u00e9 pr\u00e9serv\u00e9es pendant des milliards d\u2019ann\u00e9es, offrant aux scientifiques une fen\u00eatre unique sur le pass\u00e9 volcanique de la Lune. Cette conservation exceptionnelle permet d\u2019analyser des \u00e9chantillons presque intacts de cette \u00e9poque lointaine, un exploit qui serait impossible sur notre plan\u00e8te.<\/p>\n<blockquote class=\"wp-embedded-content\" data-secret=\"4DFb02Gfjr\">\n<p><a href=\"https:\/\/www.innovant.fr\/2025\/06\/14\/le-cratere-en-feu-seteint-enfin-ce-gouffre-geant-en-flammes-depuis-des-decennies-montre-des-signes-dextinction\/\" rel=\"nofollow noopener\" target=\"_blank\">\u00ab Le crat\u00e8re en feu s\u2019\u00e9teint enfin \u00bb : ce gouffre g\u00e9ant, en flammes depuis des d\u00e9cennies, montre des signes d\u2019extinction<\/a><\/p>\n<\/blockquote>\n<p>Les techniques d\u2019analyse modernes<\/p>\n<p>Les progr\u00e8s technologiques ont permis d\u2019examiner ces perles de verre avec une pr\u00e9cision sans pr\u00e9c\u00e9dent. Depuis leur collecte lors des missions Apollo, elles ont \u00e9t\u00e9 soigneusement conserv\u00e9es en attendant que la science progresse suffisamment pour les \u00e9tudier en d\u00e9tail. Aujourd\u2019hui, gr\u00e2ce \u00e0 des techniques avanc\u00e9es telles que l\u2019utilisation de faisceaux d\u2019ions \u00e0 haute \u00e9nergie, les chercheurs peuvent scruter l\u2019int\u00e9rieur de ces perles sans les endommager. <strong>Cette m\u00e9thode non destructive<\/strong> est essentielle pour pr\u00e9server l\u2019int\u00e9grit\u00e9 des \u00e9chantillons tout en r\u00e9coltant un maximum d\u2019informations sur leur composition et leur formation.<\/p>\n<p>Les scientifiques doivent prendre des pr\u00e9cautions extr\u00eames pour \u00e9viter que l\u2019atmosph\u00e8re terrestre n\u2019alt\u00e8re ces pr\u00e9cieux min\u00e9raux. Chaque analyse r\u00e9alis\u00e9e sur ces perles est un pas de plus vers une compr\u00e9hension approfondie de l\u2019histoire volcanique de la Lune. Les r\u00e9sultats obtenus jusqu\u2019\u00e0 pr\u00e9sent ont d\u00e9j\u00e0 permis de reconstituer des \u00e9v\u00e9nements \u00e9ruptifs s\u2019\u00e9tant d\u00e9roul\u00e9s sur des millions d\u2019ann\u00e9es, enrichissant notre connaissance de la g\u00e9ologie lunaire.<\/p>\n<blockquote class=\"wp-embedded-content\" data-secret=\"NkR2aYmim6\">\n<p><a href=\"https:\/\/www.innovant.fr\/2025\/05\/28\/revelation-lunaire-explosive-le-mystere-des-roches-magnetiques-de-la-lune-perce-apres-des-decennies-denigmes\/\" rel=\"nofollow noopener\" target=\"_blank\">R\u00e9v\u00e9lation lunaire explosive : le myst\u00e8re des roches magn\u00e9tiques de la Lune perc\u00e9 apr\u00e8s des d\u00e9cennies d\u2019\u00e9nigmes<\/a><\/p>\n<\/blockquote>\n<p>Les couleurs r\u00e9v\u00e9latrices des perles<\/p>\n<p>Les couleurs vari\u00e9es des perles de verre lunaire fournissent des indices pr\u00e9cieux sur les conditions des \u00e9ruptions volcaniques pass\u00e9es. Certaines perles sont d\u2019un orange \u00e9clatant, tandis que d\u2019autres pr\u00e9sentent des teintes noires. Ces diff\u00e9rences de couleur ne sont pas anodines : elles r\u00e9v\u00e8lent des informations sur les variations de pression, de temp\u00e9rature et de composition chimique des \u00e9ruptions. <strong>Chaque nuance repr\u00e9sente une signature g\u00e9ologique unique<\/strong>, permettant aux chercheurs de reconstituer les divers processus volcaniques ayant fa\u00e7onn\u00e9 la Lune.<\/p>\n<p>En \u00e9tudiant ces couleurs, les scientifiques peuvent d\u00e9duire les caract\u00e9ristiques des \u00e9ruptions, telles que leur intensit\u00e9 et leur dur\u00e9e. Cette analyse minutieuse est comparable \u00e0 la lecture d\u2019un journal intime laiss\u00e9 par un volcanologue lunaire, offrant un aper\u00e7u fascinant de l\u2019activit\u00e9 volcanique sur notre satellite. Les donn\u00e9es recueillies contribuent \u00e0 une meilleure compr\u00e9hension de l\u2019\u00e9volution g\u00e9ologique de la Lune et, par extension, des autres corps c\u00e9lestes poss\u00e9dant une activit\u00e9 volcanique similaire.<\/p>\n<blockquote class=\"wp-embedded-content\" data-secret=\"hddTho62fh\">\n<p><a href=\"https:\/\/www.innovant.fr\/2025\/04\/10\/oui-jai-achete-50-avis-google-et-mon-chiffre-daffaires-a-double-la-methode-hallucinante-dacheter-des-fans-com-pour-la-reputation-en-ligne-sur-google\/\" rel=\"nofollow noopener\" target=\"_blank\">\u00ab Oui, j\u2019ai achet\u00e9 50 avis Google et mon chiffre d\u2019affaires a doubl\u00e9 \u00bb : la m\u00e9thode hallucinante d\u2019Acheter-des-Fans.com pour la r\u00e9putation en ligne sur Google<\/a><\/p>\n<\/blockquote>\n<p>Implications pour l\u2019exploration future<\/p>\n<p>L\u2019\u00e9tude des perles de verre lunaire ne se limite pas \u00e0 la compr\u00e9hension du pass\u00e9 de la Lune. Elle a aussi des implications importantes pour l\u2019exploration spatiale future. <strong>Les techniques d\u00e9velopp\u00e9es pour analyser ces \u00e9chantillons<\/strong> peuvent \u00eatre appliqu\u00e9es \u00e0 d\u2019autres missions d\u2019exploration plan\u00e9taire, offrant des outils pr\u00e9cieux pour l\u2019\u00e9tude des surfaces de Mars, de Mercure ou des ast\u00e9ro\u00efdes. Comprendre les processus g\u00e9ologiques de ces corps c\u00e9lestes pourrait fournir des indices sur l\u2019habitabilit\u00e9 pass\u00e9e ou pr\u00e9sente de ces environnements.<\/p>\n<p>De plus, les d\u00e9couvertes r\u00e9alis\u00e9es gr\u00e2ce \u00e0 l\u2019analyse des perles lunaires pourraient orienter les futures missions lunaires, notamment en identifiant des sites d\u2019int\u00e9r\u00eat g\u00e9ologique pour l\u2019installation de bases permanentes. Ces avanc\u00e9es ouvrent la voie \u00e0 une exploration plus approfondie et plus cibl\u00e9e de notre syst\u00e8me solaire. Quel nouveau myst\u00e8re lunaire notre technologie future pourrait-elle encore \u00e9lucider ?<\/p>\n<p>L\u2019auteur s\u2019est appuy\u00e9 sur l\u2019intelligence artificielle pour enrichir cet article.<\/p>\n<p id=\"rating\">\u00c7a vous a plu ?\u00a04.5\/5 (30)<\/p>\n","protected":false},"excerpt":{"rendered":"EN BREF \ud83c\udf15 Les astronautes d\u2019Apollo 11 ont d\u00e9couvert de myst\u00e9rieuses perles de verre orange sur la Lune&hellip;\n","protected":false},"author":2,"featured_media":216505,"comment_status":"","ping_status":"","sticky":false,"template":"","format":"standard","meta":{"footnotes":""},"categories":[7],"tags":[1011,27,43,40,41,39,42,44],"class_list":{"0":"post-216504","1":"post","2":"type-post","3":"status-publish","4":"format-standard","5":"has-post-thumbnail","7":"category-sciences-et-technologies","8":"tag-fr","9":"tag-france","10":"tag-science","11":"tag-science-and-technology","12":"tag-sciences","13":"tag-sciences-et-technologies","14":"tag-technologies","15":"tag-technology"},"share_on_mastodon":{"url":"https:\/\/pubeurope.com\/@fr\/114774151216113366","error":""},"_links":{"self":[{"href":"https:\/\/www.europesays.com\/fr\/wp-json\/wp\/v2\/posts\/216504","targetHints":{"allow":["GET"]}}],"collection":[{"href":"https:\/\/www.europesays.com\/fr\/wp-json\/wp\/v2\/posts"}],"about":[{"href":"https:\/\/www.europesays.com\/fr\/wp-json\/wp\/v2\/types\/post"}],"author":[{"embeddable":true,"href":"https:\/\/www.europesays.com\/fr\/wp-json\/wp\/v2\/users\/2"}],"replies":[{"embeddable":true,"href":"https:\/\/www.europesays.com\/fr\/wp-json\/wp\/v2\/comments?post=216504"}],"version-history":[{"count":0,"href":"https:\/\/www.europesays.com\/fr\/wp-json\/wp\/v2\/posts\/216504\/revisions"}],"wp:featuredmedia":[{"embeddable":true,"href":"https:\/\/www.europesays.com\/fr\/wp-json\/wp\/v2\/media\/216505"}],"wp:attachment":[{"href":"https:\/\/www.europesays.com\/fr\/wp-json\/wp\/v2\/media?parent=216504"}],"wp:term":[{"taxonomy":"category","embeddable":true,"href":"https:\/\/www.europesays.com\/fr\/wp-json\/wp\/v2\/categories?post=216504"},{"taxonomy":"post_tag","embeddable":true,"href":"https:\/\/www.europesays.com\/fr\/wp-json\/wp\/v2\/tags?post=216504"}],"curies":[{"name":"wp","href":"https:\/\/api.w.org\/{rel}","templated":true}]}}