{"id":216506,"date":"2025-06-30T20:15:10","date_gmt":"2025-06-30T20:15:10","guid":{"rendered":"https:\/\/www.europesays.com\/fr\/216506\/"},"modified":"2025-06-30T20:15:10","modified_gmt":"2025-06-30T20:15:10","slug":"forte-augmentation-de-la-consommation-delectricite-en-france","status":"publish","type":"post","link":"https:\/\/www.europesays.com\/fr\/216506\/","title":{"rendered":"Forte augmentation de la consommation d\u2019\u00e9lectricit\u00e9 en France"},"content":{"rendered":"<p>La <a href=\"https:\/\/www.20minutes.fr\/dossier\/electricite\" class=\"color-ultramarine c-link\" rel=\"nofollow noopener\" target=\"_blank\">consommation d\u2019\u00e9lectricit\u00e9<\/a> en France fait un bond de 13\u00a0% ce lundi par rapport \u00e0 la m\u00eame date il y a un an, selon les donn\u00e9es du gestionnaire du r\u00e9seau \u00e0 \u00e9lectrique haute tension RTE, alors que la <a href=\"https:\/\/www.20minutes.fr\/dossier\/canicule\" class=\"color-ultramarine c-link\" rel=\"nofollow noopener\" target=\"_blank\">canicule<\/a> s\u2019installe dans presque tout l\u2019Hexagone.<\/p>\n<p>A 13h00 lundi, la consommation d\u2019\u00e9lectricit\u00e9 en France \u00e9tait de 57 gigawatts (GW) contre un peu moins de 51 GW il y a un an jour pour jour. Elle \u00e9tait en augmentation depuis samedi et dimanche, respectivement de 4,6\u00a0% et de 7,8\u00a0% sur un an, m\u00eame si elle reste largement en de\u00e7\u00e0 de la <a href=\"https:\/\/www.20minutes.fr\/dossier\/hiver\" class=\"color-ultramarine c-link\" rel=\"nofollow noopener\" target=\"_blank\">consommation hivernale<\/a>, plus importante en raison des besoins de chauffage.<\/p>\n<p>Un d\u00e9but d\u2019\u00e9t\u00e9 \u00ab\u00a0maussade\u00a0\u00bb l\u2019an pass\u00e9<\/p>\n<p>Cette augmentation de la consommation d\u2019\u00e9lectricit\u00e9 intervient alors que la vague de chaleur sur la France et le sud de l\u2019Europe est de plus en plus intense, avec d\u00e9sormais des temp\u00e9ratures entre 30 et 35\u00b0 sur une grande partie de l\u2019Hexagone. Il y a un an a contrario, le d\u00e9but d\u2019\u00e9t\u00e9 avait \u00e9t\u00e9 \u00ab\u00a0maussade\u00a0\u00bb, selon M\u00e9t\u00e9o-France, avec seulement quelques journ\u00e9es estivales en fin de mois.<\/p>\n<\/p>\n<p>Le ph\u00e9nom\u00e8ne n\u2019est pas enti\u00e8rement d\u00fb \u00e0 un recours accru \u00e0 la climatisation ou \u00e0 des ventilateurs pour se rafra\u00eechir, mais peut aussi s\u2019expliquer par les besoins plus importants d\u2019\u00e9lectricit\u00e9 li\u00e9s aux centres de donn\u00e9es ou \u00e0 l\u2019industrie par rapport \u00e0 l\u2019an dernier. Dans son bilan de l\u2019\u00e9t\u00e9\u00a02024, <a href=\"https:\/\/www.20minutes.fr\/dossier\/rte\" class=\"color-ultramarine c-link\" rel=\"nofollow noopener\" target=\"_blank\">RTE<\/a> soulignait que \u00ab\u00a0l\u2019impact de la climatisation sur la consommation (d\u2019\u00e9lectricit\u00e9) \u00e9tait estim\u00e9 entre 700 et 1,100\u00a0MW (0,7 \u00e0 1,1 GW, N.D.L.R.) par degr\u00e9 suppl\u00e9mentaire, en fonction des conditions de temp\u00e9ratures rencontr\u00e9es au niveau national\u00a0\u00bb.<\/p>\n","protected":false},"excerpt":{"rendered":"La consommation d\u2019\u00e9lectricit\u00e9 en France fait un bond de 13\u00a0% ce lundi par rapport \u00e0 la m\u00eame date&hellip;\n","protected":false},"author":2,"featured_media":216507,"comment_status":"","ping_status":"","sticky":false,"template":"","format":"standard","meta":{"footnotes":""},"categories":[6],"tags":[35,6698,33,34,579,1011,27,2357,52,18387],"class_list":{"0":"post-216506","1":"post","2":"type-post","3":"status-publish","4":"format-standard","5":"has-post-thumbnail","7":"category-economie","8":"tag-business","9":"tag-canicule","10":"tag-economie","11":"tag-economy","12":"tag-electricite","13":"tag-fr","14":"tag-france","15":"tag-meteo-france","16":"tag-planete","17":"tag-rte"},"share_on_mastodon":{"url":"","error":""},"_links":{"self":[{"href":"https:\/\/www.europesays.com\/fr\/wp-json\/wp\/v2\/posts\/216506","targetHints":{"allow":["GET"]}}],"collection":[{"href":"https:\/\/www.europesays.com\/fr\/wp-json\/wp\/v2\/posts"}],"about":[{"href":"https:\/\/www.europesays.com\/fr\/wp-json\/wp\/v2\/types\/post"}],"author":[{"embeddable":true,"href":"https:\/\/www.europesays.com\/fr\/wp-json\/wp\/v2\/users\/2"}],"replies":[{"embeddable":true,"href":"https:\/\/www.europesays.com\/fr\/wp-json\/wp\/v2\/comments?post=216506"}],"version-history":[{"count":0,"href":"https:\/\/www.europesays.com\/fr\/wp-json\/wp\/v2\/posts\/216506\/revisions"}],"wp:featuredmedia":[{"embeddable":true,"href":"https:\/\/www.europesays.com\/fr\/wp-json\/wp\/v2\/media\/216507"}],"wp:attachment":[{"href":"https:\/\/www.europesays.com\/fr\/wp-json\/wp\/v2\/media?parent=216506"}],"wp:term":[{"taxonomy":"category","embeddable":true,"href":"https:\/\/www.europesays.com\/fr\/wp-json\/wp\/v2\/categories?post=216506"},{"taxonomy":"post_tag","embeddable":true,"href":"https:\/\/www.europesays.com\/fr\/wp-json\/wp\/v2\/tags?post=216506"}],"curies":[{"name":"wp","href":"https:\/\/api.w.org\/{rel}","templated":true}]}}