{"id":216514,"date":"2025-06-30T20:19:10","date_gmt":"2025-06-30T20:19:10","guid":{"rendered":"https:\/\/www.europesays.com\/fr\/216514\/"},"modified":"2025-06-30T20:19:10","modified_gmt":"2025-06-30T20:19:10","slug":"le-projet-dhotel-de-luxe-abandonne","status":"publish","type":"post","link":"https:\/\/www.europesays.com\/fr\/216514\/","title":{"rendered":"le projet d\u2019h\u00f4tel de luxe abandonn\u00e9"},"content":{"rendered":"<p>L\u2019ancien presbyt\u00e8re de l\u2019\u00e9glise Sainte-Marie est promis \u00e0 une nouvelle vie depuis plusieurs ann\u00e9es. Un projet d\u2019institut de formation culinaire pour des \u00e9tudiants chinois, port\u00e9 par le chef st\u00e9phanois Jean-Jacques Borne, avait \u00e9t\u00e9 pr\u00e9sent\u00e9 en 2019. Puis abandonn\u00e9 en 2021.<\/p>\n<p>Deux ans plus tard, en juin\u00a02023, la mairie avait d\u00e9voil\u00e9 une nouvelle destin\u00e9e pour ces locaux, vides depuis plus de trente ans. Une \u00ab\u00a0proposition d\u2019h\u00f4tellerie d\u2019exception\u00a0\u00bb, <a href=\"https:\/\/www.leprogres.fr\/economie\/2023\/06\/20\/un-hotel-de-luxe-dans-l-ancien-presbytere-sainte-marie\" target=\"_blank\" rel=\"nofollow noopener\">avec un h\u00f4tel de luxe enti\u00e8rement digital et sans personnel, un restaurant bistronomique et une salle de yoga<\/a> , qui devaient \u00eatre livr\u00e9s fin 2025, d\u00e9but 2026.<\/p>\n<p>\u00ab\u00a0Les investisseurs n\u2019arrivaient pas \u00e0 boucler le plan financier\u00a0\u00bb, selon la Ville<\/p>\n<p>Mais la nouvelle vie de ce site qui donne sur le square Haubtmann, rue de la R\u00e9publique, devra&#8230;<\/p>\n","protected":false},"excerpt":{"rendered":"L\u2019ancien presbyt\u00e8re de l\u2019\u00e9glise Sainte-Marie est promis \u00e0 une nouvelle vie depuis plusieurs ann\u00e9es. Un projet d\u2019institut de&hellip;\n","protected":false},"author":2,"featured_media":216515,"comment_status":"","ping_status":"","sticky":false,"template":"","format":"standard","meta":{"footnotes":""},"categories":[9653],"tags":[1111,11,2430,1984,7539,1777,674,107,1011,27,3367,12,316,25,4001,7538],"class_list":{"0":"post-216514","1":"post","2":"type-post","3":"status-publish","4":"format-standard","5":"has-post-thumbnail","7":"category-saint-etienne","8":"tag-actu","9":"tag-actualites","10":"tag-auvergne-rhone-alpes","11":"tag-conseil-municipal","12":"tag-edition-loire-sud","13":"tag-eu","14":"tag-europe","15":"tag-fil-info","16":"tag-fr","17":"tag-france","18":"tag-loire","19":"tag-news","20":"tag-politique","21":"tag-republique-francaise","22":"tag-saint-etienne","23":"tag-saint-etienne-ville"},"share_on_mastodon":{"url":"https:\/\/pubeurope.com\/@fr\/114774171687267292","error":""},"_links":{"self":[{"href":"https:\/\/www.europesays.com\/fr\/wp-json\/wp\/v2\/posts\/216514","targetHints":{"allow":["GET"]}}],"collection":[{"href":"https:\/\/www.europesays.com\/fr\/wp-json\/wp\/v2\/posts"}],"about":[{"href":"https:\/\/www.europesays.com\/fr\/wp-json\/wp\/v2\/types\/post"}],"author":[{"embeddable":true,"href":"https:\/\/www.europesays.com\/fr\/wp-json\/wp\/v2\/users\/2"}],"replies":[{"embeddable":true,"href":"https:\/\/www.europesays.com\/fr\/wp-json\/wp\/v2\/comments?post=216514"}],"version-history":[{"count":0,"href":"https:\/\/www.europesays.com\/fr\/wp-json\/wp\/v2\/posts\/216514\/revisions"}],"wp:featuredmedia":[{"embeddable":true,"href":"https:\/\/www.europesays.com\/fr\/wp-json\/wp\/v2\/media\/216515"}],"wp:attachment":[{"href":"https:\/\/www.europesays.com\/fr\/wp-json\/wp\/v2\/media?parent=216514"}],"wp:term":[{"taxonomy":"category","embeddable":true,"href":"https:\/\/www.europesays.com\/fr\/wp-json\/wp\/v2\/categories?post=216514"},{"taxonomy":"post_tag","embeddable":true,"href":"https:\/\/www.europesays.com\/fr\/wp-json\/wp\/v2\/tags?post=216514"}],"curies":[{"name":"wp","href":"https:\/\/api.w.org\/{rel}","templated":true}]}}