{"id":216518,"date":"2025-06-30T20:21:22","date_gmt":"2025-06-30T20:21:22","guid":{"rendered":"https:\/\/www.europesays.com\/fr\/216518\/"},"modified":"2025-06-30T20:21:22","modified_gmt":"2025-06-30T20:21:22","slug":"frouard-lespace-89-saffiche","status":"publish","type":"post","link":"https:\/\/www.europesays.com\/fr\/216518\/","title":{"rendered":"Frouard. L\u2019Espace 89 s\u2019affiche"},"content":{"rendered":"<p>On ne peut plus le rater\u00a0: l\u2019Espace 89, haut lieu culturel communal, regroupe l\u2019\u00e9cole de musique et la ludom\u00e9diath\u00e8que. D\u00e9sormais, une imposante signal\u00e9tique de fa\u00e7ade a \u00e9t\u00e9 appos\u00e9e sur cet \u00e9difice.<\/p>\n<p>Cela permettra de mieux identifier la structure de l\u2019ext\u00e9rieur comme l\u2019avait souhait\u00e9 B\u00e9n\u00e9dicte Oberti, nouvelle responsable de la ludom\u00e9diath\u00e8que, en avril dernier.<\/p>\n","protected":false},"excerpt":{"rendered":"On ne peut plus le rater\u00a0: l\u2019Espace 89, haut lieu culturel communal, regroupe l\u2019\u00e9cole de musique et la&hellip;\n","protected":false},"author":2,"featured_media":216519,"comment_status":"","ping_status":"","sticky":false,"template":"","format":"standard","meta":{"footnotes":""},"categories":[9635],"tags":[1111,11,9661,1687,1704,1777,674,1011,27,9660,775,1702,12,25],"class_list":{"0":"post-216518","1":"post","2":"type-post","3":"status-publish","4":"format-standard","5":"has-post-thumbnail","7":"category-nancy","8":"tag-actu","9":"tag-actualites","10":"tag-cc-du-bassin-de-pompey-54b1","11":"tag-culture-loisirs","12":"tag-edition-nancy-et-agglomeration","13":"tag-eu","14":"tag-europe","15":"tag-fr","16":"tag-france","17":"tag-frouard","18":"tag-grand-est","19":"tag-nancy","20":"tag-news","21":"tag-republique-francaise"},"share_on_mastodon":{"url":"https:\/\/pubeurope.com\/@fr\/114774179474461412","error":""},"_links":{"self":[{"href":"https:\/\/www.europesays.com\/fr\/wp-json\/wp\/v2\/posts\/216518","targetHints":{"allow":["GET"]}}],"collection":[{"href":"https:\/\/www.europesays.com\/fr\/wp-json\/wp\/v2\/posts"}],"about":[{"href":"https:\/\/www.europesays.com\/fr\/wp-json\/wp\/v2\/types\/post"}],"author":[{"embeddable":true,"href":"https:\/\/www.europesays.com\/fr\/wp-json\/wp\/v2\/users\/2"}],"replies":[{"embeddable":true,"href":"https:\/\/www.europesays.com\/fr\/wp-json\/wp\/v2\/comments?post=216518"}],"version-history":[{"count":0,"href":"https:\/\/www.europesays.com\/fr\/wp-json\/wp\/v2\/posts\/216518\/revisions"}],"wp:featuredmedia":[{"embeddable":true,"href":"https:\/\/www.europesays.com\/fr\/wp-json\/wp\/v2\/media\/216519"}],"wp:attachment":[{"href":"https:\/\/www.europesays.com\/fr\/wp-json\/wp\/v2\/media?parent=216518"}],"wp:term":[{"taxonomy":"category","embeddable":true,"href":"https:\/\/www.europesays.com\/fr\/wp-json\/wp\/v2\/categories?post=216518"},{"taxonomy":"post_tag","embeddable":true,"href":"https:\/\/www.europesays.com\/fr\/wp-json\/wp\/v2\/tags?post=216518"}],"curies":[{"name":"wp","href":"https:\/\/api.w.org\/{rel}","templated":true}]}}