{"id":216524,"date":"2025-06-30T20:24:13","date_gmt":"2025-06-30T20:24:13","guid":{"rendered":"https:\/\/www.europesays.com\/fr\/216524\/"},"modified":"2025-06-30T20:24:13","modified_gmt":"2025-06-30T20:24:13","slug":"a-toulon-un-restaurant-ferme-pour-cause-dhygiene","status":"publish","type":"post","link":"https:\/\/www.europesays.com\/fr\/216524\/","title":{"rendered":"\u00c0 Toulon, un restaurant ferm\u00e9 pour cause d\u2019hygi\u00e8ne"},"content":{"rendered":"\n<p>Lors d\u2019une op\u00e9ration interservices inscrite dans le cadre du Comit\u00e9 d\u00e9partemental antifraude (Codaf) du 19 juin, les agents de la Direction d\u00e9partementale de la protection des populations (DDPP) ont contr\u00f4l\u00e9 le restaurant Zappi Pasta, situ\u00e9 720 rue colonel Picot \u00e0 Toulon. Suite \u00e0 ce contr\u00f4le, un arr\u00eat\u00e9 de fermeture administrative d\u2019urgence a \u00e9t\u00e9 prononc\u00e9 par le pr\u00e9fet du Var et notifi\u00e9 le 20 juin pour lever tout risque de toxi-infection alimentaire collective.<\/p>\n<p>Lors de l\u2019inspection, les agents de la DDPP ont d\u00e9couvert des locaux en tr\u00e8s mauvais \u00e9tat de maintenance et d\u2019entretien, notamment au niveau du sol. Les denr\u00e9es alimentaires \u00e9taient stock\u00e9es \u00e0 des temp\u00e9ratures non r\u00e9glementaires facilitant la multiplication de germes pathog\u00e8nes et la possible fabrication de toxines. Des produits se trouvaient en cours de d\u00e9cong\u00e9lation \u00e0 temp\u00e9rature ambiante. Les inspecteurs ont \u00e9galement d\u00e9couvert de l\u2019huile de friture usag\u00e9e dont il \u00e9tait fait usage \u00e0 des fins de cuisson.<\/p>\n<p>Des dispositifs de lavage hygi\u00e9nique des mains \u00e9taient absents, de m\u00eame qu\u2019un plan de ma\u00eetrise sanitaire ou des proc\u00e9dures permettant de garantir les op\u00e9rations de refroidissement rapide, de conservation des denr\u00e9es ainsi que le contr\u00f4le des huiles de friture. Le personnel de cuisine ne disposait pas des formations portant obligatoires aux r\u00e8gles d\u2019hygi\u00e8ne. Le restaurant restera ferm\u00e9 jusqu\u2019\u00e0 constat de la remise en conformit\u00e9 de l\u2019\u00e9tablissement.<\/p>\n","protected":false},"excerpt":{"rendered":"Lors d\u2019une op\u00e9ration interservices inscrite dans le cadre du Comit\u00e9 d\u00e9partemental antifraude (Codaf) du 19 juin, les agents&hellip;\n","protected":false},"author":2,"featured_media":216525,"comment_status":"","ping_status":"","sticky":false,"template":"","format":"standard","meta":{"footnotes":""},"categories":[9619],"tags":[1111,11,12125,1777,674,1011,27,12,882,25,2310],"class_list":{"0":"post-216524","1":"post","2":"type-post","3":"status-publish","4":"format-standard","5":"has-post-thumbnail","7":"category-toulon","8":"tag-actu","9":"tag-actualites","10":"tag-adam-benhammouda","11":"tag-eu","12":"tag-europe","13":"tag-fr","14":"tag-france","15":"tag-news","16":"tag-provence-alpes-cote-dazur","17":"tag-republique-francaise","18":"tag-toulon"},"share_on_mastodon":{"url":"https:\/\/pubeurope.com\/@fr\/114774190551352668","error":""},"_links":{"self":[{"href":"https:\/\/www.europesays.com\/fr\/wp-json\/wp\/v2\/posts\/216524","targetHints":{"allow":["GET"]}}],"collection":[{"href":"https:\/\/www.europesays.com\/fr\/wp-json\/wp\/v2\/posts"}],"about":[{"href":"https:\/\/www.europesays.com\/fr\/wp-json\/wp\/v2\/types\/post"}],"author":[{"embeddable":true,"href":"https:\/\/www.europesays.com\/fr\/wp-json\/wp\/v2\/users\/2"}],"replies":[{"embeddable":true,"href":"https:\/\/www.europesays.com\/fr\/wp-json\/wp\/v2\/comments?post=216524"}],"version-history":[{"count":0,"href":"https:\/\/www.europesays.com\/fr\/wp-json\/wp\/v2\/posts\/216524\/revisions"}],"wp:featuredmedia":[{"embeddable":true,"href":"https:\/\/www.europesays.com\/fr\/wp-json\/wp\/v2\/media\/216525"}],"wp:attachment":[{"href":"https:\/\/www.europesays.com\/fr\/wp-json\/wp\/v2\/media?parent=216524"}],"wp:term":[{"taxonomy":"category","embeddable":true,"href":"https:\/\/www.europesays.com\/fr\/wp-json\/wp\/v2\/categories?post=216524"},{"taxonomy":"post_tag","embeddable":true,"href":"https:\/\/www.europesays.com\/fr\/wp-json\/wp\/v2\/tags?post=216524"}],"curies":[{"name":"wp","href":"https:\/\/api.w.org\/{rel}","templated":true}]}}