{"id":216534,"date":"2025-06-30T20:31:09","date_gmt":"2025-06-30T20:31:09","guid":{"rendered":"https:\/\/www.europesays.com\/fr\/216534\/"},"modified":"2025-06-30T20:31:09","modified_gmt":"2025-06-30T20:31:09","slug":"stationnement-a-rennes-legere-hausse-des-tarifs-de-stationnement","status":"publish","type":"post","link":"https:\/\/www.europesays.com\/fr\/216534\/","title":{"rendered":"Stationnement\u00a0: \u00e0 Rennes, l\u00e9g\u00e8re hausse des tarifs de stationnement"},"content":{"rendered":"<p>Dans le d\u00e9tail, pour la zone rouge, seules les tranches de tarification changent. Elles passent de 0 \u00e0 1h25 au lieu d\u20191h30, et de 1h25 \u00e0 4h au lieu de 1h30 \u00e0 4h. Pour la premi\u00e8re tranche, le tarif reste inchang\u00e9 \u00e0 0,20 \u20ac\/5 mn. Pour la seconde, il reste \u00e0 1,20 \u20ac\/5 mn. C\u00f4t\u00e9 amende, le FPS est relev\u00e9 de 39,60 \u00e0 40,60 \u20ac. La dur\u00e9e maximale de stationnement demeure fix\u00e9e \u00e0 4h.<\/p>\n<p>En zone verte, augmentation de la dur\u00e9e maximale de stationnement<\/p>\n<p>En zone verte, la dur\u00e9e maximale de stationnement autoris\u00e9e passe de 6h15 \u00e0 8h. Les tarifs s\u2019\u00e9taleront d\u00e9sormais de 0,20 \u20ac\/9 mn pour la tranche de 0 \u00e0 3h. Et de 1\u20ac\/14mn entre 3h et 8h. Le FPS passe lui de 24,70 \u20ac \u00e0 25,40 \u20ac.<\/p>\n<p>Pour les r\u00e9sidents, les tarifs \u00e9voluent de 48 \u00e0 49 \u20ac le mois en zone rouge et de 14 \u00e0 14,40 \u20ac en zone verte.<\/p>\n<p>D\u2019autres nouveaut\u00e9s ont \u00e9t\u00e9 annonc\u00e9es : d\u00e9ploiement d&rsquo;une deuxi\u00e8me application d\u2019achat de titres de stationnement <a href=\"https:\/\/www.easypark.com\/fr-fr\" target=\"_blank\" rel=\"noopener\">Easypark<\/a>, nouvelle tarification pour les professionnels, cr\u00e9ation d\u2019un profil pour les \u00ab professionnels du quartier \u00bb\u2026<\/p>\n","protected":false},"excerpt":{"rendered":"Dans le d\u00e9tail, pour la zone rouge, seules les tranches de tarification changent. Elles passent de 0 \u00e0&hellip;\n","protected":false},"author":2,"featured_media":216535,"comment_status":"","ping_status":"","sticky":false,"template":"","format":"standard","meta":{"footnotes":""},"categories":[2821],"tags":[1111,11,829,1777,674,1011,27,12,584,25,6173],"class_list":{"0":"post-216534","1":"post","2":"type-post","3":"status-publish","4":"format-standard","5":"has-post-thumbnail","7":"category-rennes","8":"tag-actu","9":"tag-actualites","10":"tag-bretagne","11":"tag-eu","12":"tag-europe","13":"tag-fr","14":"tag-france","15":"tag-news","16":"tag-rennes","17":"tag-republique-francaise","18":"tag-stationnement"},"share_on_mastodon":{"url":"https:\/\/pubeurope.com\/@fr\/114774218119320003","error":""},"_links":{"self":[{"href":"https:\/\/www.europesays.com\/fr\/wp-json\/wp\/v2\/posts\/216534","targetHints":{"allow":["GET"]}}],"collection":[{"href":"https:\/\/www.europesays.com\/fr\/wp-json\/wp\/v2\/posts"}],"about":[{"href":"https:\/\/www.europesays.com\/fr\/wp-json\/wp\/v2\/types\/post"}],"author":[{"embeddable":true,"href":"https:\/\/www.europesays.com\/fr\/wp-json\/wp\/v2\/users\/2"}],"replies":[{"embeddable":true,"href":"https:\/\/www.europesays.com\/fr\/wp-json\/wp\/v2\/comments?post=216534"}],"version-history":[{"count":0,"href":"https:\/\/www.europesays.com\/fr\/wp-json\/wp\/v2\/posts\/216534\/revisions"}],"wp:featuredmedia":[{"embeddable":true,"href":"https:\/\/www.europesays.com\/fr\/wp-json\/wp\/v2\/media\/216535"}],"wp:attachment":[{"href":"https:\/\/www.europesays.com\/fr\/wp-json\/wp\/v2\/media?parent=216534"}],"wp:term":[{"taxonomy":"category","embeddable":true,"href":"https:\/\/www.europesays.com\/fr\/wp-json\/wp\/v2\/categories?post=216534"},{"taxonomy":"post_tag","embeddable":true,"href":"https:\/\/www.europesays.com\/fr\/wp-json\/wp\/v2\/tags?post=216534"}],"curies":[{"name":"wp","href":"https:\/\/api.w.org\/{rel}","templated":true}]}}