{"id":216567,"date":"2025-06-30T20:49:21","date_gmt":"2025-06-30T20:49:21","guid":{"rendered":"https:\/\/www.europesays.com\/fr\/216567\/"},"modified":"2025-06-30T20:49:21","modified_gmt":"2025-06-30T20:49:21","slug":"la-ztl-sous-le-feu-des-premieres-critiques-apres-sa-mise-en-route","status":"publish","type":"post","link":"https:\/\/www.europesays.com\/fr\/216567\/","title":{"rendered":"la ZTL sous le feu des premi\u00e8res critiques apr\u00e8s sa mise en route"},"content":{"rendered":"<p>Premi\u00e8re semaine, et premiers angles morts d\u00e9tect\u00e9s. Apr\u00e8s son entr\u00e9e en vigueur dans la Presqu\u2019\u00eele samedi 21\u00a0juin, la Zone \u00e0 trafic limit\u00e9 (ZTL) &#8211; dispositif visant \u00e0 interdire le transit automobile, sauf ayants droit, du nord de Bellecour au bas des Pentes de la Croix-Rousse &#8211; est confront\u00e9e \u00e0 une salve pr\u00e9coce de critiques.<\/p>\n<p><strong>\u00a0&gt;&gt; <a href=\"https:\/\/www.leprogres.fr\/economie\/2025\/06\/25\/les-lyonnais-laissent-sa-chance-au-produit-ztl-on-se-donne-quelques-jours-avant-de-juger\" target=\"_blank\" rel=\"nofollow noopener\">Premiers jours de la ZTL, ce qu\u2019en pensent les Lyonnais<\/a><\/strong><\/p>\n<p>Des riverains et usagers des transports t\u00e9moignent de d\u00e9sagr\u00e9ments. Ce, alors m\u00eame que la <a href=\"https:\/\/www.leprogres.fr\/videos\/on-vous-resume-la-mise-en-place-de-la-ztl-dans-la-presqu-ile-de-lyon-3038qv5\" target=\"_blank\" rel=\"nofollow noopener\">ZTL<\/a> n\u2019est pas effective \u00e0 100\u00a0%\u00a0: les deux premi\u00e8res bornes de contr\u00f4le d\u2019acc\u00e8s install\u00e9es (sur&#8230;<\/p>\n","protected":false},"excerpt":{"rendered":"Premi\u00e8re semaine, et premiers angles morts d\u00e9tect\u00e9s. Apr\u00e8s son entr\u00e9e en vigueur dans la Presqu\u2019\u00eele samedi 21\u00a0juin, la&hellip;\n","protected":false},"author":2,"featured_media":216568,"comment_status":"","ping_status":"","sticky":false,"template":"","format":"standard","meta":{"footnotes":""},"categories":[1889],"tags":[1111,11,2430,3542,2757,1777,674,107,1011,27,2428,2756,12,25,2429,2803],"class_list":{"0":"post-216567","1":"post","2":"type-post","3":"status-publish","4":"format-standard","5":"has-post-thumbnail","7":"category-lyon","8":"tag-actu","9":"tag-actualites","10":"tag-auvergne-rhone-alpes","11":"tag-circulation","12":"tag-edition-lyon-villeurbanne","13":"tag-eu","14":"tag-europe","15":"tag-fil-info","16":"tag-fr","17":"tag-france","18":"tag-lyon","19":"tag-lyon-bassin","20":"tag-news","21":"tag-republique-francaise","22":"tag-rhone","23":"tag-transport"},"share_on_mastodon":{"url":"https:\/\/pubeurope.com\/@fr\/114774288812906495","error":""},"_links":{"self":[{"href":"https:\/\/www.europesays.com\/fr\/wp-json\/wp\/v2\/posts\/216567","targetHints":{"allow":["GET"]}}],"collection":[{"href":"https:\/\/www.europesays.com\/fr\/wp-json\/wp\/v2\/posts"}],"about":[{"href":"https:\/\/www.europesays.com\/fr\/wp-json\/wp\/v2\/types\/post"}],"author":[{"embeddable":true,"href":"https:\/\/www.europesays.com\/fr\/wp-json\/wp\/v2\/users\/2"}],"replies":[{"embeddable":true,"href":"https:\/\/www.europesays.com\/fr\/wp-json\/wp\/v2\/comments?post=216567"}],"version-history":[{"count":0,"href":"https:\/\/www.europesays.com\/fr\/wp-json\/wp\/v2\/posts\/216567\/revisions"}],"wp:featuredmedia":[{"embeddable":true,"href":"https:\/\/www.europesays.com\/fr\/wp-json\/wp\/v2\/media\/216568"}],"wp:attachment":[{"href":"https:\/\/www.europesays.com\/fr\/wp-json\/wp\/v2\/media?parent=216567"}],"wp:term":[{"taxonomy":"category","embeddable":true,"href":"https:\/\/www.europesays.com\/fr\/wp-json\/wp\/v2\/categories?post=216567"},{"taxonomy":"post_tag","embeddable":true,"href":"https:\/\/www.europesays.com\/fr\/wp-json\/wp\/v2\/tags?post=216567"}],"curies":[{"name":"wp","href":"https:\/\/api.w.org\/{rel}","templated":true}]}}