{"id":216569,"date":"2025-06-30T20:51:09","date_gmt":"2025-06-30T20:51:09","guid":{"rendered":"https:\/\/www.europesays.com\/fr\/216569\/"},"modified":"2025-06-30T20:51:09","modified_gmt":"2025-06-30T20:51:09","slug":"seize-departements-en-rouge-1-350-ecoles-fermees-mardi-liberation","status":"publish","type":"post","link":"https:\/\/www.europesays.com\/fr\/216569\/","title":{"rendered":"seize d\u00e9partements en rouge, 1\u00a0350 \u00e9coles ferm\u00e9es mardi \u2013 Lib\u00e9ration"},"content":{"rendered":"<p class=\"sc-ksZaOG ehjQrN text-element\"><b>Les for\u00eats menac\u00e9s \u00e0 l\u2019ouest et dans le quart sud-est. <\/b>Qui dit chaleur intense, dit vigilance accrue pour les for\u00eats. M\u00e9t\u00e9o France a plac\u00e9 18 d\u00e9partements en vigilance orange pour risque \u00e9lev\u00e9 de feux de for\u00eats mardi 1er juillet : la Sarthe, le Loir-et-Cher, le Loiret, l\u2019Indre, l\u2019Indre-et-Loire, le Maine-et-Loire, la Vienne, les Deux-S\u00e8vres, la Charente, l\u2019Ard\u00e8che, la Dr\u00f4me, le Vaucluse, le Gard, les Bouches-du-Rh\u00f4ne, le Var, l\u2019H\u00e9rault, l\u2019Aude et les Pyr\u00e9n\u00e9es-Orientales. \u00abLes orages ont apport\u00e9 des pluies importantes et soutenues mais n\u2019ont pas arros\u00e9 toutes les r\u00e9gions\u00bb, souligne Damien Griffaut, permanencier de pr\u00e9vision, \u00e0 l\u2019occasion d\u2019un point presse de M\u00e9t\u00e9o France. \u00abLa s\u00e9cheresse de la v\u00e9g\u00e9tation s\u2019est accentu\u00e9e ce week-end sur le centre-ouest du pays et le pourtour m\u00e9diterran\u00e9en\u00bb, ce qui accentue les risques de feux. Dimanche, d\u2019importants feux de for\u00eats se sont d\u00e9clar\u00e9s dans l\u2019Aude, d\u00e9clench\u00e9s <a href=\"https:\/\/www.liberation.fr\/societe\/police-justice\/incendies-dans-laude-un-commercant-qui-transportait-un-barbecue-mal-eteint-cause-7-departs-de-feu-sur-12-km-20250630_YJSLTRN3DVFZDISNZ7L4MUL2ME\/\" target=\"_blank\" rel=\"noreferrer nofollow noopener\" title=\"https:\/\/www.liberation.fr\/societe\/police-justice\/incendies-dans-laude-un-commercant-qui-transportait-un-barbecue-mal-eteint-cause-7-departs-de-feu-sur-12-km-20250630_YJSLTRN3DVFZDISNZ7L4MUL2ME\/\">notamment par un barbecue mal \u00e9teint.<\/a> 400 hectares ont \u00e9t\u00e9 d\u00e9vor\u00e9s par les flammes. Par Cassandre Leray<\/p>\n","protected":false},"excerpt":{"rendered":"Les for\u00eats menac\u00e9s \u00e0 l\u2019ouest et dans le quart sud-est. Qui dit chaleur intense, dit vigilance accrue pour&hellip;\n","protected":false},"author":2,"featured_media":216570,"comment_status":"","ping_status":"","sticky":false,"template":"","format":"standard","meta":{"footnotes":""},"categories":[1592],"tags":[1111,11,6698,1777,674,1011,27,662,12,626,5140,25],"class_list":{"0":"post-216569","1":"post","2":"type-post","3":"status-publish","4":"format-standard","5":"has-post-thumbnail","7":"category-ile-de-france","8":"tag-actu","9":"tag-actualites","10":"tag-canicule","11":"tag-eu","12":"tag-europe","13":"tag-fr","14":"tag-france","15":"tag-ile-de-france","16":"tag-news","17":"tag-paris","18":"tag-rechauffement-climatique","19":"tag-republique-francaise"},"share_on_mastodon":{"url":"https:\/\/pubeurope.com\/@fr\/114774296808344898","error":""},"_links":{"self":[{"href":"https:\/\/www.europesays.com\/fr\/wp-json\/wp\/v2\/posts\/216569","targetHints":{"allow":["GET"]}}],"collection":[{"href":"https:\/\/www.europesays.com\/fr\/wp-json\/wp\/v2\/posts"}],"about":[{"href":"https:\/\/www.europesays.com\/fr\/wp-json\/wp\/v2\/types\/post"}],"author":[{"embeddable":true,"href":"https:\/\/www.europesays.com\/fr\/wp-json\/wp\/v2\/users\/2"}],"replies":[{"embeddable":true,"href":"https:\/\/www.europesays.com\/fr\/wp-json\/wp\/v2\/comments?post=216569"}],"version-history":[{"count":0,"href":"https:\/\/www.europesays.com\/fr\/wp-json\/wp\/v2\/posts\/216569\/revisions"}],"wp:featuredmedia":[{"embeddable":true,"href":"https:\/\/www.europesays.com\/fr\/wp-json\/wp\/v2\/media\/216570"}],"wp:attachment":[{"href":"https:\/\/www.europesays.com\/fr\/wp-json\/wp\/v2\/media?parent=216569"}],"wp:term":[{"taxonomy":"category","embeddable":true,"href":"https:\/\/www.europesays.com\/fr\/wp-json\/wp\/v2\/categories?post=216569"},{"taxonomy":"post_tag","embeddable":true,"href":"https:\/\/www.europesays.com\/fr\/wp-json\/wp\/v2\/tags?post=216569"}],"curies":[{"name":"wp","href":"https:\/\/api.w.org\/{rel}","templated":true}]}}