{"id":216589,"date":"2025-06-30T21:01:09","date_gmt":"2025-06-30T21:01:09","guid":{"rendered":"https:\/\/www.europesays.com\/fr\/216589\/"},"modified":"2025-06-30T21:01:09","modified_gmt":"2025-06-30T21:01:09","slug":"au-chateau-de-tocqueville-lavenir-de-leurope-en-debats","status":"publish","type":"post","link":"https:\/\/www.europesays.com\/fr\/216589\/","title":{"rendered":"Au ch\u00e2teau de Tocqueville, l\u2019avenir de l\u2019Europe en d\u00e9bats"},"content":{"rendered":"<p><strong>COMPTE RENDU &#8211;<\/strong> Pour la septi\u00e8me \u00e9dition des Conversations Tocqueville sur les terres normandes du c\u00e9l\u00e8bre penseur, ces 27 et 28\u00a0juin, une cinquantaine d\u2019intellectuels, politiques, chefs d\u2019entreprise ont \u00e9chang\u00e9 leurs points de vue quant aux menaces pesant sur l\u2019Europe et les moyens d\u2019y parer.<\/p>\n<p class=\"fig-paragraph\">En d\u00e9couvrant ces lieux d\u2019une s\u00e9r\u00e9nit\u00e9 incomparable \u2013 un\u00a0<a href=\"http:\/\/www.lefigaro.fr\/jardin\/quelles-plantes-choisir-pour-un-jardin-a-l-anglaise-20230420\" data-fig-type=\"Article\" data-gtm-custom-categorie=\"navigation\" data-gtm-custom-action=\"crossclick\" data-gtm-custom-label=\"Contextuel\" data-gtm-event=\"customEventSPE\" data-fig-domain=\"LEFIGARO\" target=\"_blank\" rel=\"noopener\">jardin \u00e0 l\u2019anglaise,<\/a>\u00a0une b\u00e2tisse du XVIe\u00a0si\u00e8cle qui domine un \u00e9tang \u2013, on songe \u00e0 tout sauf au fracas des convulsions mondiales. Elles vont pourtant s\u2019inviter au ch\u00e2teau de Tocqueville (Manche), deux jours durant, sous la forme de tables rondes consacr\u00e9es \u00e0 diff\u00e9rentes questions. Un vaste chapiteau tenant le soleil en respect abritera un public et des intervenants venus de France, d\u2019Europe et d\u2019Am\u00e9rique.<\/p>\n<p class=\"fig-paragraph\">Soucieux de perp\u00e9tuer les intuitions g\u00e9niales de son illustre a\u00efeul, l\u2019avocat Jean-Guillaume de\u00a0Tocqueville continue d\u2019ouvrir la demeure familiale aux vents souvent hostiles de l\u2019actualit\u00e9 internationale. Le th\u00e8me choisi cette ann\u00e9e pour ce colloque organis\u00e9 en partenariat avec Le Figaro sous la direction de notre grand reporter Laure Mandeville\u00a0: \u00ab\u00a0L\u2019heure de l\u2019Europe, entre r<a href=\"http:\/\/www.lefigaro.fr\/vox\/monde\/douglas-murray-la-droite-maga-se-trompe-en-estimant-que-la-russie-est-un-rempart-contre-le-progressisme-20250319\" data-fig-type=\"Article\" data-gtm-custom-categorie=\"navigation\" data-gtm-custom-action=\"crossclick\" data-gtm-custom-label=\"Contextuel\" data-gtm-event=\"customEventSPE\" data-fig-domain=\"LEFIGARO\" target=\"_blank\" rel=\"noopener\">\u00e9volution Maga<\/a>\u00a0et r\u00e9visionnisme russe\u00a0\u00bb. Alors que\u00a0<a href=\"http:\/\/www.lefigaro.fr\/international\/la-cour-supreme-americaine-offre-une-victoire-a-donald-trump-sur-l-immigration-20250627\" data-fig-type=\"Article\" data-gtm-custom-categorie=\"navigation\" data-gtm-custom-action=\"crossclick\" data-gtm-custom-label=\"Contextuel\" data-gtm-event=\"customEventSPE\" data-fig-domain=\"LEFIGARO\" target=\"_blank\" rel=\"noopener\">Donald Trump<\/a>\u00a0et le Moyen-Orient concentrent l\u2019attention diplomatique, les Vingt-Sept se retrouvent\u2026<\/p>\n<p class=\"fig-premium-paywall__infos\">\n        Cet article est r\u00e9serv\u00e9 aux abonn\u00e9s.        Il vous reste 81% \u00e0 d\u00e9couvrir.\n    <\/p>\n<p>                <img  data- alt=\"Le Figaro\" class=\"fig-img--complete fig-img\"\/><\/p>\n<p class=\"fig-premium-paywall__title\">Vente Flash : dernier jour<\/p>\n<p class=\"fig-premium-paywall__subtitle\">3,99\u20ac par mois pendant 12 mois. Sans engagement.<\/p>\n<p class=\"fig-premium-paywall__connect\">\n                D\u00e9j\u00e0 abonn\u00e9\u00a0?                <a class=\"fig-premium-paywall__connect-link\" href=\"https:\/\/connect.lefigaro.fr\/login?client=horizon_web&amp;type=main&amp;redirect_uri=https%3A%2F%2Fwww.lefigaro.fr%2Fvox%2Fsociete%2Fau-chateau-de-tocqueville-l-avenir-de-l-europe-en-debats-20250630\" data-js-gtm=\"{&quot;customCategorie&quot;: &quot;conversion&quot;, &quot;customAction&quot;: &quot;before_Landing_Connexion_paywall_auto&quot;, &quot;customLabel&quot;: &quot;bGVmaWdhcm8uZnJfXzFmMDU1YzBiLTZjOGQtNmEzNC1hM2IxLTU1YzM3YTNlODU4OF9fQXJ0aWNsZQ==_Au ch\u00e2teau de Tocqueville, l\u2019avenir de l\u2019Europe en d\u00e9bats_536&quot;, &quot;customIDSPE&quot;: &quot;bGVmaWdhcm8uZnJfXzFmMDU1YzBiLTZjOGQtNmEzNC1hM2IxLTU1YzM3YTNlODU4OF9fQXJ0aWNsZQ==&quot;, &quot;event&quot;: &quot;customEventSPE&quot;}\" target=\"_blank\" rel=\"noopener\"><br \/>\n                    Connectez-vous<br \/>\n                <\/a>\n            <\/p>\n","protected":false},"excerpt":{"rendered":"COMPTE RENDU &#8211; Pour la septi\u00e8me \u00e9dition des Conversations Tocqueville sur les terres normandes du c\u00e9l\u00e8bre penseur, ces&hellip;\n","protected":false},"author":2,"featured_media":216590,"comment_status":"","ping_status":"","sticky":false,"template":"","format":"standard","meta":{"footnotes":""},"categories":[1586],"tags":[11,1428,35585,1292,5361,5360,1777,674,1429,1011,27,12,5161,1427,1426,25,104],"class_list":{"0":"post-216589","1":"post","2":"type-post","3":"status-publish","4":"format-standard","5":"has-post-thumbnail","7":"category-europe","8":"tag-actualites","9":"tag-chroniqueurs","10":"tag-conferences-tocqueville","11":"tag-debat","12":"tag-debat-societe","13":"tag-debats-societaux","14":"tag-eu","15":"tag-europe","16":"tag-figarovox","17":"tag-fr","18":"tag-france","19":"tag-news","20":"tag-normandie","21":"tag-opinions","22":"tag-questions","23":"tag-republique-francaise","24":"tag-societe"},"share_on_mastodon":{"url":"https:\/\/pubeurope.com\/@fr\/114774336083319479","error":""},"_links":{"self":[{"href":"https:\/\/www.europesays.com\/fr\/wp-json\/wp\/v2\/posts\/216589","targetHints":{"allow":["GET"]}}],"collection":[{"href":"https:\/\/www.europesays.com\/fr\/wp-json\/wp\/v2\/posts"}],"about":[{"href":"https:\/\/www.europesays.com\/fr\/wp-json\/wp\/v2\/types\/post"}],"author":[{"embeddable":true,"href":"https:\/\/www.europesays.com\/fr\/wp-json\/wp\/v2\/users\/2"}],"replies":[{"embeddable":true,"href":"https:\/\/www.europesays.com\/fr\/wp-json\/wp\/v2\/comments?post=216589"}],"version-history":[{"count":0,"href":"https:\/\/www.europesays.com\/fr\/wp-json\/wp\/v2\/posts\/216589\/revisions"}],"wp:featuredmedia":[{"embeddable":true,"href":"https:\/\/www.europesays.com\/fr\/wp-json\/wp\/v2\/media\/216590"}],"wp:attachment":[{"href":"https:\/\/www.europesays.com\/fr\/wp-json\/wp\/v2\/media?parent=216589"}],"wp:term":[{"taxonomy":"category","embeddable":true,"href":"https:\/\/www.europesays.com\/fr\/wp-json\/wp\/v2\/categories?post=216589"},{"taxonomy":"post_tag","embeddable":true,"href":"https:\/\/www.europesays.com\/fr\/wp-json\/wp\/v2\/tags?post=216589"}],"curies":[{"name":"wp","href":"https:\/\/api.w.org\/{rel}","templated":true}]}}