{"id":216598,"date":"2025-06-30T21:08:10","date_gmt":"2025-06-30T21:08:10","guid":{"rendered":"https:\/\/www.europesays.com\/fr\/216598\/"},"modified":"2025-06-30T21:08:10","modified_gmt":"2025-06-30T21:08:10","slug":"rugby-nationale-jai-confiance-au-projet-en-cette-nouvelle-equipe-reconquerir-le-public-narbonnais-xavier-marco-et-charles-malet-reagissent-au-premier-pas-du-nouveau-st","status":"publish","type":"post","link":"https:\/\/www.europesays.com\/fr\/216598\/","title":{"rendered":"Rugby \u2013 Nationale\u00a0: \u00ab\u00a0J\u2019ai confiance au projet, en cette nouvelle \u00e9quipe\u00a0\u00bb, \u00ab\u00a0reconqu\u00e9rir le public narbonnais\u00a0\u00bb, Xavier Marco et Charles Malet r\u00e9agissent au premier pas du nouveau staff de Narbonne"},"content":{"rendered":"<p>\n                                                                Ce lundi 30\u00a0juin, en fin de matin\u00e9e, le nouveau manager du Racing Club Narbonnais Jacques Delmas a donn\u00e9 sa premi\u00e8re conf\u00e9rence de presse. Une premi\u00e8re prise de parole, avec \u00e0 ses c\u00f4t\u00e9s le pr\u00e9sident Xavier Marco et le directeur sportif Charles Malet. Les deux Audois ont confi\u00e9 leurs premi\u00e8res impressions sur la reprise de l\u2019entra\u00eenement et les d\u00e9buts de ce nouveau groupe orange et noir.\n                            <\/p>\n<p>Xavier Marco, pr\u00e9sident du Racing Club Narbonnais<\/p>\n<p>\u00ab\u00a0Je connais Jacques depuis plus de 40 ans. J\u2019ai \u00e9t\u00e9 champion de France de Nationale B en 1990 avec lui comme entra\u00eeneur. J\u2019ai suivi tout ce qu\u2019il a fait. Il est parti de proth\u00e9siste dentaire \u00e0 cette carri\u00e8re, pourtant c\u2019\u00e9tait le d\u00e9but du professionnalisme. Il a r\u00e9ussi son pari de se lancer l\u00e0-dedans. Je suis content de le retrouver \u00e0 Narbonne. J\u2019ai confiance en lui, je ne pars pas avec un inconnu. Nous avons un challenge \u00e0 relever. Cela fait trois ans que nous laissons du temps, de l\u2019argent aussi, de l\u2019\u00e9nergie, \u00e0 l\u2019arriv\u00e9e, notre projet se construit. On va travailler et je veux que les joueurs donnent du plaisir, en prennent aussi. Ce sera d\u00e9j\u00e0 le premier pari gagn\u00e9. Nous continuons le projet. Nous sommes passionn\u00e9s. Je ne vais pas arr\u00eater, ni vendre le club comme beaucoup l\u2019ont fait croire. Mon fr\u00e8re n\u2019a pas arr\u00eat\u00e9 d\u2019\u00eatre actionnaire non plus. J\u2019ai confiance au projet, en cette nouvelle \u00e9quipe, comme \u00e0 toutes les personnes du club. C\u2019est une entreprise, pour que cela fonctionne, tout le monde doit avancer en m\u00eame temps. Le bateau doit carburer.\u00a0Nous devons rendre de belles copies, que tout le monde se r\u00e9gale \u00e0 venir au stade. Je d\u00e9couvre les joueurs aussi. Je veux redonner cette flamme au Racing, ce patrimoine de la ville. Nous voulons \u00e9crire l\u2019histoire, continuer de l\u2019\u00e9crire\u00a0\u00bb.<\/p>\n<p>Charles Malet, directeur du Racing Club Narbonnais<\/p>\n<p>\u00ab\u00a0Au-del\u00e0 de la personne qu\u2019il est, qu\u2019il a d\u00e9j\u00e0 \u00e9t\u00e9 au Racing, c\u2019est l\u2019homme que j\u2019ai rencontr\u00e9 il y a quelques ann\u00e9es, ses valeurs et ses qualit\u00e9s rugbystiques. La petite cerise est qu\u2019il conna\u00eet l\u2019environnement narbonnais. Il \u00e9tait primordial pour insuffler ce nouveau projet quelqu\u2019un qui va apporter les exigences et la rigueur du haut niveau.\u00a0La priorit\u00e9 de Jacques \u00e9tait de venir avec David Fourtan\u00e9, la mienne \u00e9tait que Jacques soit l\u00e0. Cela me tenait \u00e0 c\u0153ur, et je voulais quelqu\u2019un en qui j\u2019ai 100\u00a0% confiance, avec qui je peux travailler main dans la main. Je connais tr\u00e8s bien David et je l\u2019appr\u00e9ciais d\u00e9j\u00e0 quand je l\u2019ai c\u00f4toy\u00e9 \u00e0 Provence Rugby. Il n\u2019y avait aucun doute sur sa venue. Il faut aussi que le manager soit en pleine confiance. C\u2019\u00e9tait int\u00e9ressant pour la continuit\u00e9 d\u2019avoir Gilles. Il conna\u00eet le groupe, il \u00e9tait pr\u00eat \u00e0 basculer. Pour Thibault Santamaria, il est tr\u00e8s investi et pas que sur l\u2019arbitrage. Il est souvent venu au bureau pour travailler avant la reprise. Ils sont compl\u00e9mentaires pour les trois-quarts. Pour J\u00e9r\u00e9my, c\u2019\u00e9tait important apr\u00e8s les derni\u00e8res copies rendues de la saison derni\u00e8re, sans remettre en question les qualit\u00e9s de Maxence Rivi\u00e8re, de passer un cap sur la pr\u00e9paration physique. Si on veut \u00eatre performant, il faut avoir des exigences du haut niveau. D\u00e8s ce matin, il a mis les premi\u00e8res pierres pour construire le projet.\u00a0On passe sur autre chose. Notre objectif est de reconqu\u00e9rir le public narbonnais. Nous ferons en sorte de faire travailler les joueurs et qu\u2019ils le rendent sur le terrain. Je parle surtout d\u2019investissement, pas de r\u00e9sultat. Nous n\u2019aurons pas de tricheurs, ni de passe-droit. Tout le monde est sur un pied d\u2019\u00e9galit\u00e9. Je veux dire au public de nous faire confiance, de croire en nous, de nous suivre. Le Racing va avancer, tout le monde est dans le m\u00eame bateau, dans la m\u00eame direction\u00a0\u00bb.<\/p>\n","protected":false},"excerpt":{"rendered":"Ce lundi 30\u00a0juin, en fin de matin\u00e9e, le nouveau manager du Racing Club Narbonnais Jacques Delmas a donn\u00e9&hellip;\n","protected":false},"author":2,"featured_media":216599,"comment_status":"","ping_status":"","sticky":false,"template":"","format":"standard","meta":{"footnotes":""},"categories":[1416],"tags":[1011,27,479,1468,60],"class_list":{"0":"post-216598","1":"post","2":"type-post","3":"status-publish","4":"format-standard","5":"has-post-thumbnail","7":"category-rugby","8":"tag-fr","9":"tag-france","10":"tag-rugby","11":"tag-rugby-football","12":"tag-sports"},"share_on_mastodon":{"url":"https:\/\/pubeurope.com\/@fr\/114774363632732760","error":""},"_links":{"self":[{"href":"https:\/\/www.europesays.com\/fr\/wp-json\/wp\/v2\/posts\/216598","targetHints":{"allow":["GET"]}}],"collection":[{"href":"https:\/\/www.europesays.com\/fr\/wp-json\/wp\/v2\/posts"}],"about":[{"href":"https:\/\/www.europesays.com\/fr\/wp-json\/wp\/v2\/types\/post"}],"author":[{"embeddable":true,"href":"https:\/\/www.europesays.com\/fr\/wp-json\/wp\/v2\/users\/2"}],"replies":[{"embeddable":true,"href":"https:\/\/www.europesays.com\/fr\/wp-json\/wp\/v2\/comments?post=216598"}],"version-history":[{"count":0,"href":"https:\/\/www.europesays.com\/fr\/wp-json\/wp\/v2\/posts\/216598\/revisions"}],"wp:featuredmedia":[{"embeddable":true,"href":"https:\/\/www.europesays.com\/fr\/wp-json\/wp\/v2\/media\/216599"}],"wp:attachment":[{"href":"https:\/\/www.europesays.com\/fr\/wp-json\/wp\/v2\/media?parent=216598"}],"wp:term":[{"taxonomy":"category","embeddable":true,"href":"https:\/\/www.europesays.com\/fr\/wp-json\/wp\/v2\/categories?post=216598"},{"taxonomy":"post_tag","embeddable":true,"href":"https:\/\/www.europesays.com\/fr\/wp-json\/wp\/v2\/tags?post=216598"}],"curies":[{"name":"wp","href":"https:\/\/api.w.org\/{rel}","templated":true}]}}