{"id":216600,"date":"2025-06-30T21:09:09","date_gmt":"2025-06-30T21:09:09","guid":{"rendered":"https:\/\/www.europesays.com\/fr\/216600\/"},"modified":"2025-06-30T21:09:09","modified_gmt":"2025-06-30T21:09:09","slug":"jouer-le-premier-match-ici-nest-jamais-facile-alcaraz-sen-sort-dans-la-douleur-face-a-fognini","status":"publish","type":"post","link":"https:\/\/www.europesays.com\/fr\/216600\/","title":{"rendered":"\u00abjouer le premier match ici n\u2019est jamais facile\u00bb, Alcaraz s\u2019en sort dans la douleur face \u00e0 Fognini"},"content":{"rendered":"<p>L\u2019Espagnol de 22 ans a finalement fait plier son adversaire de 38 ans en 4h37 dans la fournaise londonienne afin de composter son billet pour le deuxi\u00e8me tour, ce lundi.<\/p>\n<p class=\"fig-paragraph\">Comme le veut la tradition, le double tenant du titre Carlos Alcaraz, fra\u00eechement sacr\u00e9 \u00e0 Roland-Garros, a ouvert le bal sur le mythique Centre Court. Et comme il en a d\u00e9sormais l\u2019habitude, \u00e9galement, le prodige de 22 ans a gal\u00e9r\u00e9 pour ses premiers pas sur le gazon londonien. Pour la troisi\u00e8me fois de sa carri\u00e8re, il s\u2019est sorti en cinq sets\u00a0<a href=\"https:\/\/www.lefigaro.fr\/sports\/tennis\/wimbledon\/en-direct-wimbledon-le-tournoi-se-lance-carlos-alcaraz-defie-par-fabio-fognini-20250630\" data-fig-type=\"Live\" data-gtm-custom-categorie=\"navigation\" data-gtm-custom-action=\"crossclick\" data-gtm-custom-label=\"Contextuel\" data-gtm-event=\"customEventSPE\" data-fig-domain=\"LEFIGARO\" rel=\"nofollow noopener\" target=\"_blank\">7-5, 6-7 (5-7), 7-5, 2-6, 6-1<\/a>. Le v\u00e9t\u00e9ran de 38 ans Fabio Fognini, d\u00e9sormais 138e mondial (<a href=\"https:\/\/www.lefigaro.fr\/sports\/tennis\/atp\/classement\" target=\"_blank\" rel=\"noopener nofollow\" data-gtm-custom-categorie=\"navigation\" data-gtm-custom-action=\"crossclick\" data-gtm-custom-label=\"Contextuel\" data-gtm-event=\"customEventSPE\">le classement ATP ici<\/a>) et plus tr\u00e8s loin de ranger les raquettes, avait tout de la victime expiatoire, mais le num\u00e9ro 2 mondial, sur courant alternatif, souvent impr\u00e9cis, a souffert face \u00e0 un Transalpin des grands jours.<\/p>\n<p class=\"fig-paragraph\">Dans la douleur le Murcien encha\u00eene un 19e succ\u00e8s cons\u00e9cutif apr\u00e8s avoir soulev\u00e9 les troph\u00e9es \u00e0 Rome, Roland-Garros et, plus r\u00e9cemment,\u00a0<a href=\"http:\/\/www.lefigaro.fr\/sports\/tennis\/tennis-alcaraz-continue-sur-sa-lancee-en-venant-a-bout-de-lehecka-en-finale-au-queen-s-20250622\" data-fig-type=\"NewsFlash\" data-gtm-custom-categorie=\"navigation\" data-gtm-custom-action=\"crossclick\" data-gtm-custom-label=\"Contextuel\" data-gtm-event=\"customEventSPE\" data-fig-domain=\"LEFIGARO\" rel=\"nofollow noopener\" target=\"_blank\">au Queens, sur gazon<\/a>.<\/p>\n<p>Mise en route compliqu\u00e9e, mais&#8230;<\/p>\n<p class=\"fig-paragraph\">Au deuxi\u00e8me tour, le num\u00e9ro deux mondial affrontera le Britannique Oliver Tarvet, joueur amateur de 21 ans class\u00e9 733e \u00e0 l\u2019ATP et vainqueur lundi d\u2019un autre joueur sorti des qualifications, le Suisse Leandro Riedi. L\u2019occasion de monter en puissance apr\u00e8s cette mise en route compliqu\u00e9e. Souvent friable sur l\u2019un de ses coups forts, le coup droit et par moments agac\u00e9 d\u2019\u00eatre ainsi chahut\u00e9, l\u2019Espagnol a commis plus de fautes que son a\u00een\u00e9 (62 contre 58) et a r\u00e9ussi moins de coups gagnants (52 contre 53)&#8230;. Loin de ses standards habituels. \u00abJouer le premier match ici n\u2019est jamais facile, a soulign\u00e9 l\u2019Espagnol. Peu importe la s\u00e9rie de victoires que j\u2019ai en ce moment, que je joue tr\u00e8s bien sur le gazon et que je me sois tr\u00e8s bien pr\u00e9par\u00e9 la semaine derni\u00e8re, Wimbledon est diff\u00e9rent. J\u2019ai senti que j\u2019\u00e9tais tr\u00e8s nerveux au d\u00e9but J\u2019ai essay\u00e9 de jouer du mieux que j\u2019ai pu, mais je dirais que je pourrais \u00eatre meilleur. C\u2019\u00e9tait comme une premi\u00e8re fois pour moi. J\u2019ai donc essay\u00e9 de g\u00e9rer mon stress du mieux possible. Mais ce premier match a \u00e9t\u00e9 tr\u00e8s difficile. C\u2019\u00e9tait un grand match. Pour \u00eatre honn\u00eate, je ne sais pas pourquoi c\u2019est son dernier Wimbledon (\u00e0 Fabio Fognini), il peut encore jouer trois ou quatre ans. Incroyable.\u00bb<\/p>\n","protected":false},"excerpt":{"rendered":"L\u2019Espagnol de 22 ans a finalement fait plier son adversaire de 38 ans en 4h37 dans la fournaise&hellip;\n","protected":false},"author":2,"featured_media":216601,"comment_status":"","ping_status":"","sticky":false,"template":"","format":"standard","meta":{"footnotes":""},"categories":[1415],"tags":[47,4169,7779,105,2199,1011,27,25011,1114,35225,1960,1980,60,1467,4173,4170],"class_list":{"0":"post-216600","1":"post","2":"type-post","3":"status-publish","4":"format-standard","5":"has-post-thumbnail","7":"category-tennis","8":"tag-actualite","9":"tag-atp","10":"tag-carlos-alcaraz","11":"tag-djokovic","12":"tag-federer","13":"tag-fr","14":"tag-france","15":"tag-grand-chelem","16":"tag-infos","17":"tag-murray","18":"tag-nadal","19":"tag-resultats","20":"tag-sports","21":"tag-tennis","22":"tag-wimbledon","23":"tag-wta"},"share_on_mastodon":{"url":"https:\/\/pubeurope.com\/@fr\/114774368031501330","error":""},"_links":{"self":[{"href":"https:\/\/www.europesays.com\/fr\/wp-json\/wp\/v2\/posts\/216600","targetHints":{"allow":["GET"]}}],"collection":[{"href":"https:\/\/www.europesays.com\/fr\/wp-json\/wp\/v2\/posts"}],"about":[{"href":"https:\/\/www.europesays.com\/fr\/wp-json\/wp\/v2\/types\/post"}],"author":[{"embeddable":true,"href":"https:\/\/www.europesays.com\/fr\/wp-json\/wp\/v2\/users\/2"}],"replies":[{"embeddable":true,"href":"https:\/\/www.europesays.com\/fr\/wp-json\/wp\/v2\/comments?post=216600"}],"version-history":[{"count":0,"href":"https:\/\/www.europesays.com\/fr\/wp-json\/wp\/v2\/posts\/216600\/revisions"}],"wp:featuredmedia":[{"embeddable":true,"href":"https:\/\/www.europesays.com\/fr\/wp-json\/wp\/v2\/media\/216601"}],"wp:attachment":[{"href":"https:\/\/www.europesays.com\/fr\/wp-json\/wp\/v2\/media?parent=216600"}],"wp:term":[{"taxonomy":"category","embeddable":true,"href":"https:\/\/www.europesays.com\/fr\/wp-json\/wp\/v2\/categories?post=216600"},{"taxonomy":"post_tag","embeddable":true,"href":"https:\/\/www.europesays.com\/fr\/wp-json\/wp\/v2\/tags?post=216600"}],"curies":[{"name":"wp","href":"https:\/\/api.w.org\/{rel}","templated":true}]}}