{"id":216612,"date":"2025-06-30T21:15:11","date_gmt":"2025-06-30T21:15:11","guid":{"rendered":"https:\/\/www.europesays.com\/fr\/216612\/"},"modified":"2025-06-30T21:15:11","modified_gmt":"2025-06-30T21:15:11","slug":"laurence-boccolini-viree-des-enfants-de-la-tele-on-connait-le-nom-de-sa-remplacante","status":"publish","type":"post","link":"https:\/\/www.europesays.com\/fr\/216612\/","title":{"rendered":"Laurence Boccolini vir\u00e9e des \u00ab\u00a0Enfants de la t\u00e9l\u00e9\u00a0\u00bb : on conna\u00eet le nom de sa rempla\u00e7ante"},"content":{"rendered":"<p>Pauvre Laurence Boccolini. Cette ann\u00e9e plus que d&rsquo;habitude, <a href=\"https:\/\/www.public.fr\/jt-de-france-2-lea-salame-sans-siege-anne-sophie-lapix-la-embarque-avec-elle\" target=\"_blank\" rel=\"noopener\">le mercato t\u00e9l\u00e9<\/a> ressemble beaucoup \u00e0 un jeu de chaises musicales. Et sur France t\u00e9l\u00e9visions en particulier, <strong>les nominations et les \u00e9victions se pr\u00e9cipitent <\/strong>\u00e0 quelques semaines du break estival. <\/p>\n<p>Pas de chance pour Laurence Boccolini. <a href=\"https:\/\/www.public.fr\/laurence-boccolini-au-plus-mal-son-gros-tacle-envoye-a-france-2-apres-lannonce-de-son-eviction\" target=\"_blank\" rel=\"noopener\">Apr\u00e8s 2 saisons \u00e0 la t\u00eate des \u00ab\u00a0Enfants de la t\u00e9l\u00e9\u00a0\u00bb<\/a>, celle qui a repris le fauteuil de Laurent Ruquier vient d&rsquo;\u00eatre remerci\u00e9e. <\/p>\n<p>Et visiblement, \u00e0 lire sa r\u00e9action sur Instagram, ce 29 juin 2025, l&rsquo;animatrice ne s&rsquo;y attendait pas du tout. Et elle n&rsquo;est pas au bout de ses surprises, tandis que <strong>le Parisien vient de d\u00e9voiler le nom de celle qui va lui succ\u00e9der. <\/strong><\/p>\n<p>Qui va succ\u00e9der \u00e0 Laurence Boccolini ?<\/p>\n<p><strong>C&rsquo;est Faustine Bollaert, pourtant d\u00e9j\u00e0 tr\u00e8s occup\u00e9e, qui a obtenu le job.<\/strong> La pr\u00e9sentatrice de \u00ab\u00a0\u00c7a commence aujourd\u2019hui\u00a0\u00bb, en quotidienne sur France 2, va animer \u00e0 la rentr\u00e9e \u00ab\u00a0Les Enfants de la t\u00e9l\u00e9\u00a0\u00bb le dimanche en fin d\u2019apr\u00e8s-midi.<\/p>\n<p>Une case qu&rsquo;elle conna\u00eet bien puisque <strong>la prot\u00e9g\u00e9e de Michel Drucker<\/strong> y a offici\u00e9 pendant de nombreuses ann\u00e9es, du temps o\u00f9 elle travaillait pour \u00ab\u00a0Vivement dimanche\u00a0\u00bb. <\/p>\n<p>Et la femme de Maxime Chattam va avoir du pain sur la planche, dans les prochains mois. Elle cumule ses \u00e9missions t\u00e9l\u00e9 avec une \u00e9mission \u00e0 la radio. En effet, depuis 2024, elle est aussi animatrice de l&rsquo;\u00e9mission quotidienne H\u00e9ros sur RTL.<\/p>\n<p>France t\u00e9l\u00e9visions organise sa rentr\u00e9e<\/p>\n<p>Sur le service public,<strong> on la verra aussi dans \u00ab\u00a0La Bo\u00eete \u00e0 secrets\u00a0\u00bb, <\/strong>sur France 3. Pour ce qui est de Laurence Boccolini, on ne sait pas encore si elle continuera de pr\u00e9senter \u00ab\u00a0Mot de passe : le duel\u00a0\u00bb, tous les soirs apr\u00e8s le journal de 20 heures de France 2.<\/p>\n<p>La maman de Willow, \u00e2g\u00e9e de 62 ans a expliqu\u00e9 qu&rsquo;elle ne savait pas encore ce qu&rsquo;elle allait faire. Peut-\u00eatre en saurons-nous plus le mardi 8 juillet 2025, pour tout le monde. <\/p>\n<p>C&rsquo;est <a href=\"https:\/\/vsd.fr\/83294-delphine-ernotte-la-patronne-de-france-televisions-dezingue-pascal-praud-et-cnews\/\" target=\"_blank\" rel=\"noopener\">cette date qu&rsquo;a choisie Delphine Ernotte <\/a>pour convier animateurs et journalistes de France t\u00e9l\u00e9visions \u00e0 une conf\u00e9rence de presse de rentr\u00e9e. Elle y d\u00e9taillera la grille des programmes \u00e0 l\u2019antenne \u00e0 partir de la fin du mois d&rsquo;ao\u00fbt.<\/p>\n<p>      Mentionn\u00e9s dans cet article<\/p>\n<p>\u00c0 lire aussi<\/p>\n","protected":false},"excerpt":{"rendered":"Pauvre Laurence Boccolini. Cette ann\u00e9e plus que d&rsquo;habitude, le mercato t\u00e9l\u00e9 ressemble beaucoup \u00e0 un jeu de chaises&hellip;\n","protected":false},"author":2,"featured_media":216613,"comment_status":"","ping_status":"","sticky":false,"template":"","format":"standard","meta":{"footnotes":""},"categories":[1359],"tags":[58,59,6308,1011,27,3219,20223,973],"class_list":{"0":"post-216612","1":"post","2":"type-post","3":"status-publish","4":"format-standard","5":"has-post-thumbnail","7":"category-people","8":"tag-divertissement","9":"tag-entertainment","10":"tag-faustine-bollaert","11":"tag-fr","12":"tag-france","13":"tag-laurence-boccolini","14":"tag-les-enfants-de-la-tele","15":"tag-people"},"share_on_mastodon":{"url":"https:\/\/pubeurope.com\/@fr\/114774391317597444","error":""},"_links":{"self":[{"href":"https:\/\/www.europesays.com\/fr\/wp-json\/wp\/v2\/posts\/216612","targetHints":{"allow":["GET"]}}],"collection":[{"href":"https:\/\/www.europesays.com\/fr\/wp-json\/wp\/v2\/posts"}],"about":[{"href":"https:\/\/www.europesays.com\/fr\/wp-json\/wp\/v2\/types\/post"}],"author":[{"embeddable":true,"href":"https:\/\/www.europesays.com\/fr\/wp-json\/wp\/v2\/users\/2"}],"replies":[{"embeddable":true,"href":"https:\/\/www.europesays.com\/fr\/wp-json\/wp\/v2\/comments?post=216612"}],"version-history":[{"count":0,"href":"https:\/\/www.europesays.com\/fr\/wp-json\/wp\/v2\/posts\/216612\/revisions"}],"wp:featuredmedia":[{"embeddable":true,"href":"https:\/\/www.europesays.com\/fr\/wp-json\/wp\/v2\/media\/216613"}],"wp:attachment":[{"href":"https:\/\/www.europesays.com\/fr\/wp-json\/wp\/v2\/media?parent=216612"}],"wp:term":[{"taxonomy":"category","embeddable":true,"href":"https:\/\/www.europesays.com\/fr\/wp-json\/wp\/v2\/categories?post=216612"},{"taxonomy":"post_tag","embeddable":true,"href":"https:\/\/www.europesays.com\/fr\/wp-json\/wp\/v2\/tags?post=216612"}],"curies":[{"name":"wp","href":"https:\/\/api.w.org\/{rel}","templated":true}]}}