{"id":216614,"date":"2025-06-30T21:16:09","date_gmt":"2025-06-30T21:16:09","guid":{"rendered":"https:\/\/www.europesays.com\/fr\/216614\/"},"modified":"2025-06-30T21:16:09","modified_gmt":"2025-06-30T21:16:09","slug":"video-clara-luciani-hoshi-bigflo-oli-aux-deferlantes-enzo-realise-son-reve-et-offre-ses-sculptures-aux-artistes","status":"publish","type":"post","link":"https:\/\/www.europesays.com\/fr\/216614\/","title":{"rendered":"VID\u00c9O. Clara Luciani, Hoshi, BigFlo\u00a0&#038; Oli\u2026 Aux D\u00e9ferlantes, Enzo r\u00e9alise son r\u00eave et offre ses sculptures aux artistes"},"content":{"rendered":"<p>\n                                                                    Publi\u00e9 le 30\/06\/2025 \u00e0 16:36\n                                                                                                <\/p>\n<p>\n            Vid\u00e9o : Olivier Got\n    <\/p>\n<p class=\"article-full__chapo \">\n                                                                Il y a quelques semaines, nous avions rencontr\u00e9 Enzo dans son atelier pr\u00e8s de Perpignan. Il \u00e9tait en train de finaliser une s\u00e9rie de statuettes r\u00e9alis\u00e9es en ferraille de r\u00e9cup\u00e9ration \u00e0 destination d\u2019artistes de la programmation des D\u00e9ferlantes. Durant le festival, il a pu rencontrer certains d\u2019entre eux pour leur remettre en main propre. Il nous raconte.\n                            <\/p>\n<p>Enzo Allieu Garcia est un\u00a0\u00e9tudiant en chaudronnerie au lyc\u00e9e Pablo Picasso de Perpignan. Durant le festival\u00a0des D\u00e9ferlantes, qui s\u2019est d\u00e9roul\u00e9 au Barcar\u00e8s du 26 au 29\u00a0juin, il a r\u00e9alis\u00e9 son r\u00eave\u00a0: rencontrer ses idoles et leur offrir une sculpture fabriqu\u00e9e par ces soins.<\/p>\n<p class=\"std-elt__inline\">\n        <strong>\u00c0 lire aussi :<\/strong><br \/>\n        <a href=\"https:\/\/www.lindependant.fr\/2023\/03\/11\/pyrenees-orientales-a-17-ans-enzo-sublime-lart-de-ressusciter-la-ferraille-de-recuperation-en-sculpture-de-reve-11054771.php\" rel=\"nofollow noopener\" target=\"_blank\">Pyr\u00e9n\u00e9es-Orientales : A 17 ans, Enzo sublime l&rsquo;art de ressusciter la ferraille de r\u00e9cup\u00e9ration en sculpture de r\u00eave<\/a>\n    <\/p>\n<p>Durant ces 4 jours de festival, il a pu rencontrer et \u00e9changer avec Hoshi, Jean-Louis Aubert, Matthieu Chedid, Ril\u00e8s, Bigflo\u00a0&amp; Oli, Clara Luciani\u2026<\/p>\n","protected":false},"excerpt":{"rendered":"Publi\u00e9 le 30\/06\/2025 \u00e0 16:36 Vid\u00e9o : Olivier Got Il y a quelques semaines, nous avions rencontr\u00e9 Enzo&hellip;\n","protected":false},"author":2,"featured_media":216615,"comment_status":"","ping_status":"","sticky":false,"template":"","format":"standard","meta":{"footnotes":""},"categories":[1358],"tags":[1348,1384,1385,1386,58,59,1011,27],"class_list":{"0":"post-216614","1":"post","2":"type-post","3":"status-publish","4":"format-standard","5":"has-post-thumbnail","7":"category-arts-et-design","8":"tag-arts","9":"tag-arts-and-design","10":"tag-arts-et-design","11":"tag-design","12":"tag-divertissement","13":"tag-entertainment","14":"tag-fr","15":"tag-france"},"share_on_mastodon":{"url":"https:\/\/pubeurope.com\/@fr\/114774395057520779","error":""},"_links":{"self":[{"href":"https:\/\/www.europesays.com\/fr\/wp-json\/wp\/v2\/posts\/216614","targetHints":{"allow":["GET"]}}],"collection":[{"href":"https:\/\/www.europesays.com\/fr\/wp-json\/wp\/v2\/posts"}],"about":[{"href":"https:\/\/www.europesays.com\/fr\/wp-json\/wp\/v2\/types\/post"}],"author":[{"embeddable":true,"href":"https:\/\/www.europesays.com\/fr\/wp-json\/wp\/v2\/users\/2"}],"replies":[{"embeddable":true,"href":"https:\/\/www.europesays.com\/fr\/wp-json\/wp\/v2\/comments?post=216614"}],"version-history":[{"count":0,"href":"https:\/\/www.europesays.com\/fr\/wp-json\/wp\/v2\/posts\/216614\/revisions"}],"wp:featuredmedia":[{"embeddable":true,"href":"https:\/\/www.europesays.com\/fr\/wp-json\/wp\/v2\/media\/216615"}],"wp:attachment":[{"href":"https:\/\/www.europesays.com\/fr\/wp-json\/wp\/v2\/media?parent=216614"}],"wp:term":[{"taxonomy":"category","embeddable":true,"href":"https:\/\/www.europesays.com\/fr\/wp-json\/wp\/v2\/categories?post=216614"},{"taxonomy":"post_tag","embeddable":true,"href":"https:\/\/www.europesays.com\/fr\/wp-json\/wp\/v2\/tags?post=216614"}],"curies":[{"name":"wp","href":"https:\/\/api.w.org\/{rel}","templated":true}]}}