{"id":216618,"date":"2025-06-30T21:18:13","date_gmt":"2025-06-30T21:18:13","guid":{"rendered":"https:\/\/www.europesays.com\/fr\/216618\/"},"modified":"2025-06-30T21:18:13","modified_gmt":"2025-06-30T21:18:13","slug":"camping-paradis-fiancailles-au-paradis-partie-1","status":"publish","type":"post","link":"https:\/\/www.europesays.com\/fr\/216618\/","title":{"rendered":"Camping paradis &#8211; Fian\u00e7ailles au Paradis (Partie 1)"},"content":{"rendered":"<p id=\"descriptionPanel\" aria-labelledby=\"descriptionArrow\" aria-expanded=\"false\" class=\"mr-2 line-clamp-2 pr-2.5 text-secondary overflow-visible\">Les nouveaux arrivants se bousculent au comptoir du Camping Paradis et le hasard r\u00e9unit Lisa et Charlotte, meilleures amies de fac, qui se retrouvent apr\u00e8s 17 ans sans se voir ! Alors qu&rsquo;elles se pr\u00e9sentent leurs fils respectifs, Baptiste et Evan, les deux ados connectent imm\u00e9diatement. M\u00e8re c\u00e9libataire, Charlotte semble ravie de retrouver son amie. Lisa est accompagn\u00e9e de Julien, le p\u00e8re de Baptiste et son amoureux depuis toujours qui pr\u00e9pare en secret et avec l&rsquo;aide de Tom, une demande en mariage surprise. Seulement, lorsque Charlotte et Julien se croisent, c&rsquo;est la panique. En effet, ils doivent cacher \u00e0 Lisa qu&rsquo;ils ont eu une nuit sans lendemain quelques ann\u00e9es auparavant&#8230; En parall\u00e8le, c&rsquo;est le coup de foudre entre Armelle, la cousine de St\u00e9phanie qui a install\u00e9 son salon de coiffure itin\u00e9rant au camping et Antoine, qui n&rsquo;est autre que le fondateur de \u00ab\u00a0Comp\u00e9ti&rsquo;tifs\u00a0\u00bb, une enseigne de coiffure low-cost&#8230; Sachant que cette franchise est \u00e0 l&rsquo;origine de la faillite du pr\u00e9c\u00e9dent salon d&rsquo;Armelle, leur love story semble compromise&#8230; Christian Parizot, quant \u00e0 lui, aura fort \u00e0 faire avec un nouveau voisin qui lui ressemble comme deux gouttes d&rsquo;eau physiquement et humainement : Christophe Morizot&#8230;<br \/>En savoir plus sur <a class=\"text-white hover:text-blue-500\" href=\"https:\/\/www.tf1.fr\/dossier\/andre-camping-paradis\" rel=\"nofollow noopener\" target=\"_blank\">Andr\u00e9<\/a><\/p>\n<p><a class=\"shrink-0\" href=\"https:\/\/www.tf1.fr\/tf1\/camping-paradis\" rel=\"nofollow noopener\" target=\"_blank\"><img decoding=\"async\" src=\"https:\/\/www.europesays.com\/fr\/wp-content\/uploads\/2025\/06\/program-card-portrait-1-camping-paradis-fiancailles-au-paradis-00e335-525bdf-0@1x.jpg\" width=\"138\" height=\"184\" alt=\"\" loading=\"eager\" fetchpriority=\"auto\" class=\"aspect-[3\/4] h-24 w-auto rounded-3px\" aria-hidden=\"true\"\/><\/a><\/p>\n","protected":false},"excerpt":{"rendered":"Les nouveaux arrivants se bousculent au comptoir du Camping Paradis et le hasard r\u00e9unit Lisa et Charlotte, meilleures&hellip;\n","protected":false},"author":2,"featured_media":216619,"comment_status":"","ping_status":"","sticky":false,"template":"","format":"standard","meta":{"footnotes":""},"categories":[1356],"tags":[26018,35587,58,59,1365,35586,1011,27,35589,252,1364,35588,35590],"class_list":{"0":"post-216618","1":"post","2":"type-post","3":"status-publish","4":"format-standard","5":"has-post-thumbnail","7":"category-television","8":"tag-camping-paradis","9":"tag-camping-paradis-episode","10":"tag-divertissement","11":"tag-entertainment","12":"tag-episode","13":"tag-episode-camping-paradis","14":"tag-fr","15":"tag-france","16":"tag-streaming-camping-paradis","17":"tag-television","18":"tag-tv","19":"tag-video-camping-paradis","20":"tag-video-en-streaming-camping-paradis"},"share_on_mastodon":{"url":"https:\/\/pubeurope.com\/@fr\/114774402890897743","error":""},"_links":{"self":[{"href":"https:\/\/www.europesays.com\/fr\/wp-json\/wp\/v2\/posts\/216618","targetHints":{"allow":["GET"]}}],"collection":[{"href":"https:\/\/www.europesays.com\/fr\/wp-json\/wp\/v2\/posts"}],"about":[{"href":"https:\/\/www.europesays.com\/fr\/wp-json\/wp\/v2\/types\/post"}],"author":[{"embeddable":true,"href":"https:\/\/www.europesays.com\/fr\/wp-json\/wp\/v2\/users\/2"}],"replies":[{"embeddable":true,"href":"https:\/\/www.europesays.com\/fr\/wp-json\/wp\/v2\/comments?post=216618"}],"version-history":[{"count":0,"href":"https:\/\/www.europesays.com\/fr\/wp-json\/wp\/v2\/posts\/216618\/revisions"}],"wp:featuredmedia":[{"embeddable":true,"href":"https:\/\/www.europesays.com\/fr\/wp-json\/wp\/v2\/media\/216619"}],"wp:attachment":[{"href":"https:\/\/www.europesays.com\/fr\/wp-json\/wp\/v2\/media?parent=216618"}],"wp:term":[{"taxonomy":"category","embeddable":true,"href":"https:\/\/www.europesays.com\/fr\/wp-json\/wp\/v2\/categories?post=216618"},{"taxonomy":"post_tag","embeddable":true,"href":"https:\/\/www.europesays.com\/fr\/wp-json\/wp\/v2\/tags?post=216618"}],"curies":[{"name":"wp","href":"https:\/\/api.w.org\/{rel}","templated":true}]}}