{"id":216624,"date":"2025-06-30T21:21:10","date_gmt":"2025-06-30T21:21:10","guid":{"rendered":"https:\/\/www.europesays.com\/fr\/216624\/"},"modified":"2025-06-30T21:21:10","modified_gmt":"2025-06-30T21:21:10","slug":"a-bayonne-une-nouvelle-unite-pionniere-dans-toute-la-region-pour-les-femmes-menopausees","status":"publish","type":"post","link":"https:\/\/www.europesays.com\/fr\/216624\/","title":{"rendered":"\u00c0 Bayonne, une nouvelle unit\u00e9 pionni\u00e8re dans toute la r\u00e9gion pour les femmes m\u00e9nopaus\u00e9es"},"content":{"rendered":"<p>Des t\u00e9moignages de femmes m\u00e9nopaus\u00e9es, L\u00e9a Lugbull en entend presque tous les jours. \u00ab\u00a0\u00c7a concerne toutes les femmes apr\u00e8s tout [\u2026] \u00c7a intervient en moyenne autour des 51\u00a0ans. Rien de plus normal\u00a0\u00bb, r\u00e9sume cette jeune m\u00e9decin. En France, 17\u00a0millions de femmes sont concern\u00e9es par la m\u00e9nopause. Pourtant, \u00e0 chaque consultation, chaque discussion, cette docteure de 31\u00a0ans tire le m\u00eame constat.<\/p>\n<p>\u00ab\u00a0C\u2019est fou, toutes ces femmes autour de moi qui pensent que leurs douleurs sont normales et in\u00e9vitables. Elles n\u2019en parlent pas, alors qu\u2019elles ne dorment pas, ont mal, se sentent tristes ou d\u00e9stabilis\u00e9es\u2026\u00a0\u00bb Y aurait-il un manque\u00a0? Un oubli\u00a0? Sur un sujet aussi tabou que celui de la m\u00e9nopause &#8211; <a href=\"https:\/\/www.sudouest.fr\/sante\/une-femme-menopausee-sur-deux-n-en-parle-meme-pas-a-son-mari-22945507.php\" rel=\"nofollow noopener\" target=\"_blank\">en France, une femme sur deux n\u2019ose pas en parler \u00e0 son partenaire<\/a>, selon un r\u00e9cent rapport parlementaire &#8211; tout reste \u00e0 construire.<\/p>\n<p>Invisible ou banalis\u00e9e, la m\u00e9nopause demeure un angle mort du parcours de soins. \u00c0 rebours de ce silence, le Centre hospitalier de la C\u00f4te basque a ouvert, d\u00e9but 2025, une unit\u00e9 cardio-gyn\u00e9cologique sp\u00e9cifiquement d\u00e9di\u00e9e aux femmes m\u00e9nopaus\u00e9es. Une initiative encore rare\u00a0: moins d\u2019une dizaine d\u2019unit\u00e9s similaires existent sur le territoire national. Il s\u2019agit de la toute premi\u00e8re en Nouvelle-Aquitaine.<\/p>\n<p>La seule de la r\u00e9gion<\/p>\n<p>Car la m\u00e9nopause ne se limite pas \u00e0 quelques bouff\u00e9es de chaleur et \u00e0 un floril\u00e8ge de blagues vaseuses. C\u2019est un moment charni\u00e8re o\u00f9 le risque cardiovasculaire augmente et l\u2019ost\u00e9oporose peut s\u2019installer. L\u2019alimentation et le corps changent. \u00ab\u00a0C\u2019est un moment qui cristallise de nombreuses in\u00e9galit\u00e9s, j\u2019avais envie d\u2019agir\u00a0\u00bb, confie \u00e0 son tour le docteur Jean-Baptiste Berneau, cardiologue.<\/p>\n<blockquote><p>\u00ab\u00a0C\u2019est un moment qui cristallise de nombreuses in\u00e9galit\u00e9s, j\u2019avais envie d\u2019agir\u00a0\u00bb<\/p><\/blockquote>\n<p>En six mois, ces deux m\u00e9decins ont mont\u00e9 cette unit\u00e9 in\u00e9dite dans la r\u00e9gion. Tout y est pens\u00e9 pour une prise en charge globale\u00a0: \u00ab\u00a0On a cette chance d\u2019\u00eatre \u00e0 l\u2019h\u00f4pital, dans une logique pluri-professionnelle. On peut solliciter rhumatologues, urologues, sexologues, acupunctrice, psy\u2026 On ne travaille pas seul dans son coin\u00a0\u00bb, argumente L\u00e9a Lugbull. Le dossier de chaque patiente est centralis\u00e9, partag\u00e9 entre les services, \u00e9vitant toute perte d\u2019information.<\/p>\n<p>        <img decoding=\"async\" id=\"24916045\" src=\"https:\/\/www.europesays.com\/fr\/wp-content\/uploads\/2025\/06\/20250619135526-so32.jpg\" alt=\"\u00ab\u00a0Elles n\u2019en parlent pas, alors qu\u2019elles ne dorment pas, ont mal, se sentent tristes ou d\u00e9stabilis\u00e9es\u2026\u00a0\u00bb, t\u00e9moigne le docteur Lea Lugbull.\" itemprop=\"contentURL\"\/><\/p>\n<p>    \u00ab\u00a0Elles n\u2019en parlent pas, alors qu\u2019elles ne dorment pas, ont mal, se sentent tristes ou d\u00e9stabilis\u00e9es\u2026\u00a0\u00bb, t\u00e9moigne le docteur Lea Lugbull.<\/p>\n<p>Nicolas Mollo\/ \u00ab\u00a0Sud Ouest\u00a0\u00bb<\/p>\n<p>Mais derri\u00e8re cet aspect pratique, l\u2019enjeu sanitaire est majeur. Mieux d\u00e9pister, mieux soigner et surtout, redonner leur place aux femmes. \u00ab\u00a0On sait que la m\u00e9nopause est un facteur de risque cardiovasculaire. Et pourtant, les femmes sont tr\u00e8s mal prises en charge pour \u00e7a. C\u2019est la premi\u00e8re cause de mortalit\u00e9 f\u00e9minine. Chaque jour en France, deux femmes meurent dans un accident de la route, 33 d\u2019un cancer du sein et 200\u00a0femmes meurent de maladies cardiovasculaires\u00a0\u00bb, alerte le docteur Berneau, qui explique que \u00ab\u00a0neuf fois sur dix, on pourrait l\u2019\u00e9viter\u00a0\u00bb.<\/p>\n<blockquote><p>\u00ab\u00a0La m\u00e9nopause est un facteur de risque cardiovasculaire. Chaque jour en France, 200\u00a0femmes meurent de maladies cardiovasculaires\u00a0\u00bb<\/p><\/blockquote>\n<p>Autre frein identifi\u00e9\u00a0: la peur du traitement hormonal substitutif. \u00ab\u00a0Depuis une \u00e9tude am\u00e9ricaine des ann\u00e9es 2000, on a pris peur \u00e0 cause d\u2019un suppos\u00e9 surrisque de cancer du sein. Mais cette \u00e9tude ne s\u2019appliquait pas au contexte fran\u00e7ais, ni aux produits qu\u2019on utilise ici \u00bb, explique L\u00e9a Lugbull. R\u00e9sultat, des milliers de femmes se privent depuis 20 ans d\u2019un traitement qui pourrait soulager significativement leurs sympt\u00f4mes. \u00ab\u00a0Aujourd\u2019hui, on peut \u00eatre beaucoup moins frileux. Il y a des contre-indications, oui, mais on sait mieux les \u00e9valuer.\u00a0\u00bb<\/p>\n<p>Des rendez-vous le mardi<\/p>\n<p>\u00ab\u00a0Les femmes nous disaient\u00a0: \u2018\u2019Comment \u00e7a, dans un rayon de 3 heures, personne ne peut m\u2019aider\u00a0?\u2019\u2019 Certaines vont jusqu\u2019\u00e0 Toulouse pour \u00eatre suivies. D\u2019autres arrivent \u00e9puis\u00e9es\u00a0: elles dorment mal, changent de pyjama deux fois par nuit, n\u2019arrivent plus \u00e0 se concentrer au travail. Elles se sentent abandonn\u00e9es\u00a0\u00bb, regrette L\u00e9a Lugbull.<\/p>\n<p>        <img decoding=\"async\" id=\"24916054\" src=\"https:\/\/www.europesays.com\/fr\/wp-content\/uploads\/2025\/06\/20250619135528-so3.jpg\" alt=\"Le docteur Jean-Baptiste Berneau souhait\u00e9 monter une unit\u00e9 cardio-gyn\u00e9cologique depuis plusieurs ann\u00e9es.\" itemprop=\"contentURL\"\/><\/p>\n<p>    Le docteur Jean-Baptiste Berneau souhait\u00e9 monter une unit\u00e9 cardio-gyn\u00e9cologique depuis plusieurs ann\u00e9es.<\/p>\n<p>Nicolas Mollo\/ \u00ab\u00a0Sud Ouest\u00a0\u00bb<\/p>\n<p>Aujourd\u2019hui, les premi\u00e8res patientes sont accueillies chaque mardi. Pour prendre rendez-vous, ces derni\u00e8res sont invit\u00e9es \u00e0 se rapprocher de leurs gyn\u00e9cologues ou m\u00e9decins habituels dans un premier temps. \u00ab\u00a0On a mis six mois \u00e0 tout mettre en place. Il a fallu convaincre, trouver les moyens. Ce n\u2019est pas un sujet qui motive les foules. Mais on y est arriv\u00e9 \u00bb, sourit L\u00e9a Lugbull. Un premier pas contre l\u2019invisibilisation d\u2019un sujet qui concerne\u2026 la moiti\u00e9 de la population.<\/p>\n<p>    Un rapport parlementaire<br \/>\nEn d\u00e9but d\u2019ann\u00e9e, une mission parlementaire sur la m\u00e9nopause a \u00e9t\u00e9 lanc\u00e9e et confi\u00e9e \u00e0 St\u00e9phanie Rist, d\u00e9put\u00e9e Ensemble pour la R\u00e9publique (EPR) du Loiret et rhumatologue. Dans son rapport remis \u00e0 la ministre du Travail et de la Sant\u00e9, Catherine Vautrin, on d\u00e9couvre que \u00ab\u00a080\u00a0% des femmes pensent qu\u2019il faudrait en parler davantage\u00a0\u00bb. Cette derni\u00e8re pr\u00e9conise 25 mesures \u00ab\u00a0pour faire de la m\u00e9nopause une priorit\u00e9 de sant\u00e9 publique\u00a0\u00bb et \u00ab\u00a0garantir une prise en charge adapt\u00e9e\u00a0\u00bb.<\/p>\n","protected":false},"excerpt":{"rendered":"Des t\u00e9moignages de femmes m\u00e9nopaus\u00e9es, L\u00e9a Lugbull en entend presque tous les jours. \u00ab\u00a0\u00c7a concerne toutes les femmes&hellip;\n","protected":false},"author":2,"featured_media":216625,"comment_status":"","ping_status":"","sticky":false,"template":"","format":"standard","meta":{"footnotes":""},"categories":[10],"tags":[1011,27,72,71],"class_list":{"0":"post-216624","1":"post","2":"type-post","3":"status-publish","4":"format-standard","5":"has-post-thumbnail","7":"category-sante","8":"tag-fr","9":"tag-france","10":"tag-health","11":"tag-sante"},"share_on_mastodon":{"url":"https:\/\/pubeurope.com\/@fr\/114774414912043182","error":""},"_links":{"self":[{"href":"https:\/\/www.europesays.com\/fr\/wp-json\/wp\/v2\/posts\/216624","targetHints":{"allow":["GET"]}}],"collection":[{"href":"https:\/\/www.europesays.com\/fr\/wp-json\/wp\/v2\/posts"}],"about":[{"href":"https:\/\/www.europesays.com\/fr\/wp-json\/wp\/v2\/types\/post"}],"author":[{"embeddable":true,"href":"https:\/\/www.europesays.com\/fr\/wp-json\/wp\/v2\/users\/2"}],"replies":[{"embeddable":true,"href":"https:\/\/www.europesays.com\/fr\/wp-json\/wp\/v2\/comments?post=216624"}],"version-history":[{"count":0,"href":"https:\/\/www.europesays.com\/fr\/wp-json\/wp\/v2\/posts\/216624\/revisions"}],"wp:featuredmedia":[{"embeddable":true,"href":"https:\/\/www.europesays.com\/fr\/wp-json\/wp\/v2\/media\/216625"}],"wp:attachment":[{"href":"https:\/\/www.europesays.com\/fr\/wp-json\/wp\/v2\/media?parent=216624"}],"wp:term":[{"taxonomy":"category","embeddable":true,"href":"https:\/\/www.europesays.com\/fr\/wp-json\/wp\/v2\/categories?post=216624"},{"taxonomy":"post_tag","embeddable":true,"href":"https:\/\/www.europesays.com\/fr\/wp-json\/wp\/v2\/tags?post=216624"}],"curies":[{"name":"wp","href":"https:\/\/api.w.org\/{rel}","templated":true}]}}