{"id":216634,"date":"2025-06-30T21:26:09","date_gmt":"2025-06-30T21:26:09","guid":{"rendered":"https:\/\/www.europesays.com\/fr\/216634\/"},"modified":"2025-06-30T21:26:09","modified_gmt":"2025-06-30T21:26:09","slug":"pour-viktor-orban-la-marche-des-fiertes-de-budapest-etait-une-honte","status":"publish","type":"post","link":"https:\/\/www.europesays.com\/fr\/216634\/","title":{"rendered":"Pour Viktor Orban, la Marche des fiert\u00e9s de Budapest \u00e9tait une \u00ab\u00a0honte\u00a0\u00bb"},"content":{"rendered":"<p>Une \u00ab\u00a0honte\u00a0\u00bb. C\u2019est en ces termes que Viktor Orban a qualifi\u00e9 <a href=\"https:\/\/www.20minutes.fr\/monde\/4160780-20250627-marche-fiertes-budapest-malgre-interdiction-gouvernement-orban-pride-espere-tout-emporter-samedi\" class=\"color-ultramarine c-link\" target=\"_blank\" rel=\"noopener\">la marche des fiert\u00e9s organis\u00e9e ce week-end \u00e0 Budapest<\/a>, et ce, malgr\u00e9 son <a href=\"https:\/\/www.20minutes.fr\/monde\/4159359-20250619-hongrie-police-annule-marche-fiertes-maire-budapest-tient-tete\" class=\"color-ultramarine c-link\" target=\"_blank\" rel=\"noopener\">interdiction<\/a>. Le <a href=\"https:\/\/www.20minutes.fr\/monde\/etats-unis\/4140201-20250223-hongrie-conflit-regulier-ue-viktor-orban-compte-effet-trump-triompher\" class=\"color-ultramarine c-link\" target=\"_blank\" rel=\"noopener\">Premier ministre hongrois<\/a> s\u2019en est pris \u00e0 un \u00e9v\u00e9nement qui a pourtant r\u00e9uni plusieurs dizaines de milliers de personnes dans les rues de la capitale.<\/p>\n<p>\u00ab\u00a0Je fais partie de ceux qui ne consid\u00e8rent pas ce qui s\u2019est pass\u00e9 comme une source de fiert\u00e9\u00a0\u00bb, a d\u00e9clar\u00e9 le dirigeant dans un extrait d\u2019interview diffus\u00e9 sur Facebook.<\/p>\n<\/p>\n<p>Environ 200.000 personnes dans les rues<\/p>\n<p>Selon les organisateurs, ce sont <a href=\"https:\/\/www.20minutes.fr\/monde\/4160917-20250628-hongrie-pres-200-000-participants-marche-fiertes-budapest-record\" class=\"color-ultramarine c-link\" target=\"_blank\" rel=\"noopener\">quelque 200.000 personnes qui ont particip\u00e9<\/a> \u00e0 cette marche exceptionnelle, men\u00e9e notamment par le maire \u00e9cologiste de la capitale hongroise.<\/p>\n<p>Il s\u2019agit d\u2019un niveau de participation sans pr\u00e9c\u00e9dent depuis le lancement de la Pride dans les ann\u00e9es\u00a01990. Le cort\u00e8ge s\u2019est tenu dans une ambiance festive, mais aussi revendicative, face \u00e0 un durcissement in\u00e9dit des droits LGBTQIA +\u00a0en Hongrie. Au pouvoir depuis\u00a02010, Viktor Orban n\u2019a cess\u00e9 de restreindre les droits des personnes LGBTQIA +, au nom de la \u00ab\u00a0protection des enfants\u00a0\u00bb.<\/p>\n<p>\u00ab\u00a0Imposer la culture woke\u00a0\u00bb<\/p>\n<p>La tenue de la Pride a imm\u00e9diatement suscit\u00e9 une r\u00e9action virulente du gouvernement, qui a accus\u00e9 l\u2019opposition d\u2019avoir agi \u00ab\u00a0sur ordre de <a href=\"https:\/\/www.20minutes.fr\/dossier\/bruxelles\" class=\"color-ultramarine c-link\" target=\"_blank\" rel=\"noopener\">Bruxelles<\/a>\u00a0\u00bb pour \u00ab\u00a0imposer la culture woke\u00a0\u00bb et \u00ab\u00a0de s\u2019\u00eatre moqu\u00e9 de la souverainet\u00e9 de la Hongrie\u00a0\u00bb. Cette ann\u00e9e, une nouvelle loi, introduite en mars dernier, interdit toute manifestation exposant les mineurs \u00e0 l\u2019homosexualit\u00e9 ou \u00e0 la transidentit\u00e9.<\/p>\n<p>Le texte s\u2019appuie d\u00e9sormais sur une modification constitutionnelle, faisant primer les droits de l\u2019enfant sur tout autre droit, y compris celui de manifester.<\/p>\n<p><a href=\"https:\/\/www.20minutes.fr\/dossier\/gay_pride\" class=\"c-link c-btn c-btn--primary\" target=\"_blank\" rel=\"noopener\">Notre dossier sur la Marche des fiert\u00e9s<\/a>La reconnaissance faciale pour identifier les participants<\/p>\n<p>Des cam\u00e9ras ont \u00e9t\u00e9 install\u00e9es avant la marche, et la reconnaissance faciale pourrait \u00eatre utilis\u00e9e pour identifier les participants. Des amendes jusqu\u2019\u00e0 500 euros sont pr\u00e9vues, et les organisateurs risquent jusqu\u2019\u00e0 un an de prison.<\/p>\n<p>La police de <a href=\"https:\/\/www.20minutes.fr\/dossier\/budapest\" class=\"color-ultramarine c-link\" target=\"_blank\" rel=\"noopener\">Budapest<\/a> a ouvert une enqu\u00eate sur les \u00e9v\u00e9nements, tandis que la mairie a salu\u00e9 son encadrement de la manifestation. Orban, lui, a \u00e9cart\u00e9 une intervention polici\u00e8re directe, mais a promis des cons\u00e9quences judiciaires ult\u00e9rieures pour les participants et organisateurs. Une strat\u00e9gie de dissuasion que d\u00e9noncent les Ong comme \u00e9tant une tentative de criminalisation de l\u2019expression identitaire.<\/p>\n","protected":false},"excerpt":{"rendered":"Une \u00ab\u00a0honte\u00a0\u00bb. C\u2019est en ces termes que Viktor Orban a qualifi\u00e9 la marche des fiert\u00e9s organis\u00e9e ce week-end&hellip;\n","protected":false},"author":2,"featured_media":216635,"comment_status":"","ping_status":"","sticky":false,"template":"","format":"standard","meta":{"footnotes":""},"categories":[5],"tags":[47,11,22519,1011,27,804,14,9087,24310,74,12,7247,2591,28],"class_list":{"0":"post-216634","1":"post","2":"type-post","3":"status-publish","4":"format-standard","5":"has-post-thumbnail","7":"category-international","8":"tag-actualite","9":"tag-actualites","10":"tag-budapest","11":"tag-fr","12":"tag-france","13":"tag-hongrie","14":"tag-international","15":"tag-lgbt","16":"tag-marche-des-fiertes","17":"tag-monde","18":"tag-news","19":"tag-viktor-orban","20":"tag-woke","21":"tag-world"},"share_on_mastodon":{"url":"","error":""},"_links":{"self":[{"href":"https:\/\/www.europesays.com\/fr\/wp-json\/wp\/v2\/posts\/216634","targetHints":{"allow":["GET"]}}],"collection":[{"href":"https:\/\/www.europesays.com\/fr\/wp-json\/wp\/v2\/posts"}],"about":[{"href":"https:\/\/www.europesays.com\/fr\/wp-json\/wp\/v2\/types\/post"}],"author":[{"embeddable":true,"href":"https:\/\/www.europesays.com\/fr\/wp-json\/wp\/v2\/users\/2"}],"replies":[{"embeddable":true,"href":"https:\/\/www.europesays.com\/fr\/wp-json\/wp\/v2\/comments?post=216634"}],"version-history":[{"count":0,"href":"https:\/\/www.europesays.com\/fr\/wp-json\/wp\/v2\/posts\/216634\/revisions"}],"wp:featuredmedia":[{"embeddable":true,"href":"https:\/\/www.europesays.com\/fr\/wp-json\/wp\/v2\/media\/216635"}],"wp:attachment":[{"href":"https:\/\/www.europesays.com\/fr\/wp-json\/wp\/v2\/media?parent=216634"}],"wp:term":[{"taxonomy":"category","embeddable":true,"href":"https:\/\/www.europesays.com\/fr\/wp-json\/wp\/v2\/categories?post=216634"},{"taxonomy":"post_tag","embeddable":true,"href":"https:\/\/www.europesays.com\/fr\/wp-json\/wp\/v2\/tags?post=216634"}],"curies":[{"name":"wp","href":"https:\/\/api.w.org\/{rel}","templated":true}]}}