{"id":216636,"date":"2025-06-30T21:27:10","date_gmt":"2025-06-30T21:27:10","guid":{"rendered":"https:\/\/www.europesays.com\/fr\/216636\/"},"modified":"2025-06-30T21:27:10","modified_gmt":"2025-06-30T21:27:10","slug":"cible-par-elisabeth-borne-parce-quil-a-ferme-les-ecoles-le-maire-de-tours-lui-lance-une-invitation","status":"publish","type":"post","link":"https:\/\/www.europesays.com\/fr\/216636\/","title":{"rendered":"Cibl\u00e9 par \u00c9lisabeth Borne parce qu\u2019il a ferm\u00e9 les \u00e9coles, le maire de Tours lui lance une invitation"},"content":{"rendered":"<p>        <img decoding=\"async\" loading=\"lazy\" src=\"https:\/\/www.europesays.com\/fr\/wp-content\/uploads\/2025\/06\/a60de30_upload-1-okxgoxkqrejn-000-63uj7rm.jpg\"  width=\"728\" height=\"409\" alt=\"Cibl\u00e9 par \u00c9lisabeth Borne parce qu\u2019il a ferm\u00e9 les \u00e9coles, le maire de Tours lui lance ce lundi 30\u00a0juin une invitation. (Photo d\u2019illustration)\"\/>  <\/p>\n<p>THIBAUD MORITZ \/ AFP<\/p>\n<p>Cibl\u00e9 par \u00c9lisabeth Borne parce qu\u2019il a ferm\u00e9 les \u00e9coles, le maire de Tours lui lance ce lundi 30\u00a0juin une invitation. (Photo d\u2019illustration)<\/p>\n<p class=\"asset asset-text\">POLITIQUE &#8211; Les esprits s\u2019\u00e9chauffent. Alors que la quasi-totalit\u00e9 des d\u00e9partements de l\u2019Hexagone sont concern\u00e9s par une vigilance orange canicule, et <a href=\"https:\/\/www.huffingtonpost.fr\/france\/article\/meteo-16-departements-places-en-vigilance-rouge-canicule-mardi-1er-juillet-a-partir-de-midi_252013.html\" target=\"_blank\" rel=\"noopener\">seize seront en rouge<\/a> ce mardi, le maire \u00e9colo de Tours, Emmanuel Denis, a d\u00e9cid\u00e9 de<a href=\"https:\/\/www.huffingtonpost.fr\/france\/article\/la-vigilance-rouge-canicule-prouve-encore-que-les-ecoles-sont-inadaptees-au-changement-climatique_252000.html\" target=\"_blank\" rel=\"noopener\"> fermer les \u00e9coles de sa commune<\/a> l\u2019apr\u00e8s-midi du lundi 30\u00a0juin et du mardi 1er\u00a0juillet. Un choix critiqu\u00e9 par <a href=\"https:\/\/www.huffingtonpost.fr\/politique\/article\/le-plan-d-elisabeth-borne-pour-l-orientation-des-eleves-des-la-5e-mais-plus-a-partir-de-la-maternelle_250947.html\" target=\"_blank\" rel=\"noopener\">\u00c9lisabeth Borne.<\/a><\/p>\n<p class=\"asset asset-text\">Dimanche soir, la ministre de l\u2019\u00c9ducation nationale, qui avait \u00e9voqu\u00e9 des d\u00e9cisions \u00ab\u00a0prises peut-\u00eatre de fa\u00e7on unilat\u00e9rale quelque part\u00a0\u00bb, s\u2019\u00e9tait \u00ab\u00a0\u00e9tonn\u00e9e de la situation \u00e0\u00a0Tours\u00a0\u00bb, sugg\u00e9rant \u00ab\u00a0un message politique du\u00a0maire\u00a0de\u00a0Tours\u00a0sur le d\u00e9r\u00e8glement climatique\u00a0\u00bb.<\/p>\n<p class=\"asset asset-text\">Ce dernier a r\u00e9pondu lundi \u00e0 \u00c9lisabeth Borne en invitant la ministre, ainsi que le Premier ministre Fran\u00e7ois Bayrou, \u00e0 venir mercredi \u00ab\u00a0faire le conseil des ministres dans une \u00e9cole de\u00a0Tours\u00a0\u00bb afin de \u00ab\u00a0se rendre compte des conditions d\u2019accueil dans nos \u00e9coles\u00a0\u00bb et de \u00ab\u00a0l\u2019\u00e9tat b\u00e2timentaire\u00a0\u00bb.<\/p>\n<p>    1\u00a0350\u00a0\u00e9coles\u00a0publiques ferm\u00e9es mardi    <\/p>\n<p class=\"asset asset-text\">\u00ab\u00a0Et ils se rendront que les d\u00e9cisions prises par le gouvernement de r\u00e9duire le budget vert, de r\u00e9duire les subventions, \u00e7a veut dire qu\u2019on va encore ralentir cette r\u00e9novation des \u00e9tablissements\u00a0\u00bb, a-t-il encore tacl\u00e9 dans une interview \u00e0 la presse.<\/p>\n<p> La lecture de ce contenu est susceptible d\u2019entra\u00eener un d\u00e9p\u00f4t de cookies de la part de l\u2019op\u00e9rateur tiers qui l\u2019h\u00e9berge. Compte-tenu des choix que vous avez exprim\u00e9s en mati\u00e8re de d\u00e9p\u00f4t de cookies, nous avons bloqu\u00e9 l\u2019affichage de ce contenu. Si vous souhaitez y acc\u00e9der, vous devez accepter la cat\u00e9gorie de cookies \u201cContenus tiers\u201d en cliquant sur le bouton ci-dessous. <\/p>\n<p> Lire la Vid\u00e9o        <\/p>\n<p class=\"asset asset-text\">Selon lui, \u00ab\u00a090\u00a0% des \u00e9coles vont d\u00e9passer les 30\u00a0\u00b0C, ce serait prendre un risque pour la sant\u00e9 des personnels et des enfants\u00a0\u00bb que de maintenir les cours.<\/p>\n<p class=\"asset asset-text\">Ces d\u00e9clarations ont \u00e9t\u00e9 soutenues par Marine Tondelier, Secr\u00e9taire nationale d\u2019EELV, qui \u00e9crit sur son compte X\u00a0: \u00ab\u00a0plut\u00f4t que de s\u2019en prendre \u00e0 lui, \u00c9lisabeth Borne devrait faire un Conseil des ministres dans une salle de classe \u00e0 40\u00b0, comme il l\u2019y invite.\u00a0\u00bb<\/p>\n<p class=\"asset asset-text\">\u00c0 Tours, seuls huit \u00e9l\u00e8ves se sont pr\u00e9sent\u00e9s lundi matin dans un \u00e9tablissement de la ville et il faisait d\u00e9j\u00e0 31\u00a0\u00b0C \u00e0 8\u00a0h dans les classes.<\/p>\n<p class=\"asset asset-text\">Le minist\u00e8re de l\u2019\u00c9ducation pr\u00e9voit mardi pr\u00e8s de 1\u00a0350\u00a0\u00e9coles\u00a0publiques ferm\u00e9es, \u00ab\u00a0totalement ou partiellement\u00a0\u00bb, pr\u00e8s du double des quelque 750 \u00e9tablissements concern\u00e9s lundi, selon un dernier bilan communiqu\u00e9 \u00e0 l\u2019AFP. Dimanche soir, le minist\u00e8re tablait sur 200\u00a0\u00e9coles\u00a0publiques faisant l\u2019objet d\u2019une fermeture partielle ou totale en France lors des prochains jours, des chiffres revus \u00e0 la hausse, sur un total d\u2019environ 45\u00a0000 dans le pays (43\u00a0163\u00a0\u00e9coles\u00a0publiques en 2023).<\/p>\n","protected":false},"excerpt":{"rendered":"THIBAUD MORITZ \/ AFP Cibl\u00e9 par \u00c9lisabeth Borne parce qu\u2019il a ferm\u00e9 les \u00e9coles, le maire de Tours&hellip;\n","protected":false},"author":2,"featured_media":216637,"comment_status":"","ping_status":"","sticky":false,"template":"","format":"standard","meta":{"footnotes":""},"categories":[4],"tags":[11,6698,1122,5757,1011,27,28275,12,316,25,1390],"class_list":{"0":"post-216636","1":"post","2":"type-post","3":"status-publish","4":"format-standard","5":"has-post-thumbnail","7":"category-france","8":"tag-actualites","9":"tag-canicule","10":"tag-ecole","11":"tag-elisabeth-borne","12":"tag-fr","13":"tag-france","14":"tag-ministere-de-l-education-nationale","15":"tag-news","16":"tag-politique","17":"tag-republique-francaise","18":"tag-tours"},"share_on_mastodon":{"url":"https:\/\/pubeurope.com\/@fr\/114774438365385870","error":""},"_links":{"self":[{"href":"https:\/\/www.europesays.com\/fr\/wp-json\/wp\/v2\/posts\/216636","targetHints":{"allow":["GET"]}}],"collection":[{"href":"https:\/\/www.europesays.com\/fr\/wp-json\/wp\/v2\/posts"}],"about":[{"href":"https:\/\/www.europesays.com\/fr\/wp-json\/wp\/v2\/types\/post"}],"author":[{"embeddable":true,"href":"https:\/\/www.europesays.com\/fr\/wp-json\/wp\/v2\/users\/2"}],"replies":[{"embeddable":true,"href":"https:\/\/www.europesays.com\/fr\/wp-json\/wp\/v2\/comments?post=216636"}],"version-history":[{"count":0,"href":"https:\/\/www.europesays.com\/fr\/wp-json\/wp\/v2\/posts\/216636\/revisions"}],"wp:featuredmedia":[{"embeddable":true,"href":"https:\/\/www.europesays.com\/fr\/wp-json\/wp\/v2\/media\/216637"}],"wp:attachment":[{"href":"https:\/\/www.europesays.com\/fr\/wp-json\/wp\/v2\/media?parent=216636"}],"wp:term":[{"taxonomy":"category","embeddable":true,"href":"https:\/\/www.europesays.com\/fr\/wp-json\/wp\/v2\/categories?post=216636"},{"taxonomy":"post_tag","embeddable":true,"href":"https:\/\/www.europesays.com\/fr\/wp-json\/wp\/v2\/tags?post=216636"}],"curies":[{"name":"wp","href":"https:\/\/api.w.org\/{rel}","templated":true}]}}