{"id":216638,"date":"2025-06-30T21:28:10","date_gmt":"2025-06-30T21:28:10","guid":{"rendered":"https:\/\/www.europesays.com\/fr\/216638\/"},"modified":"2025-06-30T21:28:10","modified_gmt":"2025-06-30T21:28:10","slug":"a-paris-la-mobilisation-de-laudiovisuel-public-couronnee-par-le-rejet-de-la-reforme-dati-a-lassemblee-liberation","status":"publish","type":"post","link":"https:\/\/www.europesays.com\/fr\/216638\/","title":{"rendered":"\u00e0 Paris, la mobilisation de l\u2019audiovisuel public couronn\u00e9e par le rejet de la r\u00e9forme Dati \u00e0 l\u2019Assembl\u00e9e \u2013 Lib\u00e9ration"},"content":{"rendered":"<p class=\"sc-ksZaOG ehjQrN text-element\">\u00abPour nous, il y a quelque chose d\u2019incompr\u00e9hensible. Radio France et France T\u00e9l\u00e9 ont des r\u00e9sultats tout \u00e0 fait honorables.\u00bb Sous le soleil caniculaire de Paris et son panama gris, le d\u00e9l\u00e9gu\u00e9 syndical de Force ouvri\u00e8re Guillaume Baldy peine \u00e0 comprendre cette tentative de r\u00e9forme de l\u2019audiovisuel. \u00abC\u2019est un projet qui n\u2019est pas structur\u00e9 et qui pr\u00e9tend apporter des solutions qui ne sont pas \u00e9tay\u00e9es.\u00bb L\u2019incompr\u00e9hension est mat\u00e9rialis\u00e9e par ces salari\u00e9s de France T\u00e9l\u00e9visions, Radio France, l\u2019INA et France M\u00e9dias Monde, mobilis\u00e9s \u00e0 l\u2019appel des syndicats ce lundi 30 juin, quelques heures avant que <a href=\"https:\/\/www.liberation.fr\/politique\/audiovisuel-public-le-texte-rejete-avant-meme-son-examen-camouflet-pour-rachida-dati-a-lassemblee-20250630_KS36REJIHRC5VA5CIQGWF2NSA4\/\" target=\"_blank\" rel=\"noreferrer noopener\" title=\"https:\/\/www.liberation.fr\/politique\/audiovisuel-public-le-texte-rejete-avant-meme-son-examen-camouflet-pour-rachida-dati-a-lassemblee-20250630_KS36REJIHRC5VA5CIQGWF2NSA4\/\">le texte ne soit finalement rejet\u00e9 d\u2019embl\u00e9e<\/a>, avant m\u00eame son examen.<\/p>\n<p class=\"sc-ksZaOG ehjQrN text-element\">Une premi\u00e8re victoire pour les employ\u00e9s des quatre entreprises publiques, qui s\u2019\u00e9taient rassembl\u00e9s en masse sur la place du Palais-Royal \u00e0 Paris. \u00ab\u00c7a commence \u00e0 ressembler \u00e0 un enterrement de la r\u00e9forme, s\u2019enthousiasme aupr\u00e8s de Lib\u00e9ration le d\u00e9l\u00e9gu\u00e9 syndical de la CGT Radio France Lionel Thompson, apr\u00e8s avoir appris le rejet du texte. C\u2019est un camouflet pour <a href=\"https:\/\/www.liberation.fr\/eco&lt;\/p&gt;&lt;\/div&gt;&lt;\/article&gt;&lt;\/div&gt;&lt;div data-fusion-lazy-id=\" f0f8vgvlad832fw=\"\" target=\"_blank\" rel=\"noopener\"><\/p>\n","protected":false},"excerpt":{"rendered":"\u00abPour nous, il y a quelque chose d\u2019incompr\u00e9hensible. Radio France et France T\u00e9l\u00e9 ont des r\u00e9sultats tout \u00e0&hellip;\n","protected":false},"author":2,"featured_media":216639,"comment_status":"","ping_status":"","sticky":false,"template":"","format":"standard","meta":{"footnotes":""},"categories":[2],"tags":[11,1011,27,964,12,417,10316,35591],"class_list":{"0":"post-216638","1":"post","2":"type-post","3":"status-publish","4":"format-standard","5":"has-post-thumbnail","7":"category-actualites","8":"tag-actualites","9":"tag-fr","10":"tag-france","11":"tag-france-telecom","12":"tag-news","13":"tag-rachida-dati","14":"tag-radio-france","15":"tag-reforme-audiovisuel-public"},"share_on_mastodon":{"url":"https:\/\/pubeurope.com\/@fr\/114774442244022821","error":""},"_links":{"self":[{"href":"https:\/\/www.europesays.com\/fr\/wp-json\/wp\/v2\/posts\/216638","targetHints":{"allow":["GET"]}}],"collection":[{"href":"https:\/\/www.europesays.com\/fr\/wp-json\/wp\/v2\/posts"}],"about":[{"href":"https:\/\/www.europesays.com\/fr\/wp-json\/wp\/v2\/types\/post"}],"author":[{"embeddable":true,"href":"https:\/\/www.europesays.com\/fr\/wp-json\/wp\/v2\/users\/2"}],"replies":[{"embeddable":true,"href":"https:\/\/www.europesays.com\/fr\/wp-json\/wp\/v2\/comments?post=216638"}],"version-history":[{"count":0,"href":"https:\/\/www.europesays.com\/fr\/wp-json\/wp\/v2\/posts\/216638\/revisions"}],"wp:featuredmedia":[{"embeddable":true,"href":"https:\/\/www.europesays.com\/fr\/wp-json\/wp\/v2\/media\/216639"}],"wp:attachment":[{"href":"https:\/\/www.europesays.com\/fr\/wp-json\/wp\/v2\/media?parent=216638"}],"wp:term":[{"taxonomy":"category","embeddable":true,"href":"https:\/\/www.europesays.com\/fr\/wp-json\/wp\/v2\/categories?post=216638"},{"taxonomy":"post_tag","embeddable":true,"href":"https:\/\/www.europesays.com\/fr\/wp-json\/wp\/v2\/tags?post=216638"}],"curies":[{"name":"wp","href":"https:\/\/api.w.org\/{rel}","templated":true}]}}