{"id":216642,"date":"2025-06-30T21:30:12","date_gmt":"2025-06-30T21:30:12","guid":{"rendered":"https:\/\/www.europesays.com\/fr\/216642\/"},"modified":"2025-06-30T21:30:12","modified_gmt":"2025-06-30T21:30:12","slug":"le-comite-defaite-de-retour-devant-la-mairie","status":"publish","type":"post","link":"https:\/\/www.europesays.com\/fr\/216642\/","title":{"rendered":"le Comit\u00e9 d\u00e9faite de retour devant la mairie"},"content":{"rendered":"<p>Cela faisait un petit moment qu\u2019on ne les avait pas vus. Ce lundi 30\u00a0juin, jour de conseil municipal, le Comit\u00e9 d\u00e9faite avait donn\u00e9 rendez-vous aux St\u00e9phanois, en reprenant les propos prononc\u00e9s par Ga\u00ebl Perdriau <a href=\"https:\/\/www.leprogres.fr\/politique\/2025\/03\/31\/gael-perdriau-inebranlable-promet-que-le-proces-va-faire-boom\" target=\"_blank\" rel=\"nofollow noopener\">lors du conseil municipal du 31\u00a0mars<\/a> \u00a0: \u00ab\u00a0Quand le proc\u00e8s arrivera, ce n\u2019est pas pschitt que \u00e7a fera, mais boom\u00a0!\u00a0\u00bb<\/p>\n<p>  Une cinquantaine de manifestants<\/p>\n<p>\u00ab\u00a0Rejoignez-nous pour le dernier pot de d\u00e9part de Ga\u00ebl Perdriau\u00a0\u00bb, indiquaient les joyeux drilles, qui ont demand\u00e9 une nouvelle fois la d\u00e9mission du maire de Saint-\u00c9tienne. \u00c0 18\u00a0h\u00a030, ils \u00e9taient une cinquantaine \u00e0 s\u2019\u00eatre r\u00e9unis sur le parvis de l\u2019h\u00f4tel de ville.<\/p>\n<p>\u00ab\u00a0Voil\u00e0 que pointe le bout de son nez le proc\u00e8s et on pr\u00e9voit peut-\u00eatre bien un comit\u00e9 d\u2019accueil \u00e0 Lyon\u00a0\u00bb, ont annonc\u00e9 les organisateurs au micro. \u00ab\u00a0En attendant, c\u2019est le mousseux qui fera pschitt et la musique qui fera boom\u00a0\u00bb, ont-ils ironis\u00e9.<\/p>\n<p>\u00ab\u00a0Pour nous, la f\u00eate, pour Perdriau, la d\u00e9faite\u00a0\u00bb, ont-ils scand\u00e9 avant d\u2019inviter les participants \u00e0 un karaok\u00e9, reprenant les nombreux chants imagin\u00e9s depuis le d\u00e9but de l\u2019affaire.<\/p>\n","protected":false},"excerpt":{"rendered":"Cela faisait un petit moment qu\u2019on ne les avait pas vus. Ce lundi 30\u00a0juin, jour de conseil municipal,&hellip;\n","protected":false},"author":2,"featured_media":216643,"comment_status":"","ping_status":"","sticky":false,"template":"","format":"standard","meta":{"footnotes":""},"categories":[9653],"tags":[1111,11,2430,1984,7539,1777,674,1011,27,12,316,25,4001,7538],"class_list":{"0":"post-216642","1":"post","2":"type-post","3":"status-publish","4":"format-standard","5":"has-post-thumbnail","7":"category-saint-etienne","8":"tag-actu","9":"tag-actualites","10":"tag-auvergne-rhone-alpes","11":"tag-conseil-municipal","12":"tag-edition-loire-sud","13":"tag-eu","14":"tag-europe","15":"tag-fr","16":"tag-france","17":"tag-news","18":"tag-politique","19":"tag-republique-francaise","20":"tag-saint-etienne","21":"tag-saint-etienne-ville"},"share_on_mastodon":{"url":"https:\/\/pubeurope.com\/@fr\/114774450594436016","error":""},"_links":{"self":[{"href":"https:\/\/www.europesays.com\/fr\/wp-json\/wp\/v2\/posts\/216642","targetHints":{"allow":["GET"]}}],"collection":[{"href":"https:\/\/www.europesays.com\/fr\/wp-json\/wp\/v2\/posts"}],"about":[{"href":"https:\/\/www.europesays.com\/fr\/wp-json\/wp\/v2\/types\/post"}],"author":[{"embeddable":true,"href":"https:\/\/www.europesays.com\/fr\/wp-json\/wp\/v2\/users\/2"}],"replies":[{"embeddable":true,"href":"https:\/\/www.europesays.com\/fr\/wp-json\/wp\/v2\/comments?post=216642"}],"version-history":[{"count":0,"href":"https:\/\/www.europesays.com\/fr\/wp-json\/wp\/v2\/posts\/216642\/revisions"}],"wp:featuredmedia":[{"embeddable":true,"href":"https:\/\/www.europesays.com\/fr\/wp-json\/wp\/v2\/media\/216643"}],"wp:attachment":[{"href":"https:\/\/www.europesays.com\/fr\/wp-json\/wp\/v2\/media?parent=216642"}],"wp:term":[{"taxonomy":"category","embeddable":true,"href":"https:\/\/www.europesays.com\/fr\/wp-json\/wp\/v2\/categories?post=216642"},{"taxonomy":"post_tag","embeddable":true,"href":"https:\/\/www.europesays.com\/fr\/wp-json\/wp\/v2\/tags?post=216642"}],"curies":[{"name":"wp","href":"https:\/\/api.w.org\/{rel}","templated":true}]}}