{"id":216655,"date":"2025-06-30T21:40:45","date_gmt":"2025-06-30T21:40:45","guid":{"rendered":"https:\/\/www.europesays.com\/fr\/216655\/"},"modified":"2025-06-30T21:40:45","modified_gmt":"2025-06-30T21:40:45","slug":"a-rouen-barbara-butch-mixera-devant-la-cathedrale-illuminee","status":"publish","type":"post","link":"https:\/\/www.europesays.com\/fr\/216655\/","title":{"rendered":"\u00c0 Rouen, Barbara Butch mixera devant la cath\u00e9drale illumin\u00e9e"},"content":{"rendered":"<p class=\"editor-content__paragraph\">F\u00eatards de tout poil, \u00e0 vos agendas\u00a0! Le samedi 21\u00a0septembre, autrement dit en pleines Journ\u00e9es europ\u00e9ennes du patrimoine, la DJ <strong>Barbara Butch<\/strong> (n\u00e9e en 1981) mixera devant la <strong>cath\u00e9drale de Rouen<\/strong>, cl\u00f4turant ainsi en beaut\u00e9 la cinqui\u00e8me \u00e9dition du <a href=\"https:\/\/www.beauxarts.com\/expos\/expos-spectacles-gastronomie-10-rendez-vous-inratables-pour-feter-les-150-ans-de-limpressionnisme\/\" target=\"_blank\" rel=\"noopener nofollow\"><strong>festival Normandie Impressionniste<\/strong><\/a>. Bonne nouvelle\u00a0: la soir\u00e9e sera gratuite et ouverte \u00e0 tous les publics.<\/p>\n<p class=\"editor-content__paragraph\">Sp\u00e9cialiste cool et queer des soir\u00e9es endiabl\u00e9es entre disco et pop, Barbara Butch sera accompagn\u00e9e pour l\u2019occasion d\u2019<strong>un d\u00e9cor en mouvement <\/strong>con\u00e7u par le duo d\u2019illustrateurs <strong>Antoine+Manuel<\/strong> (cr\u00e9\u00e9 en 1993). Ces derniers r\u00e9ussiront, \u00e0 l\u2019aide de <strong>projections color\u00e9es<\/strong>, \u00e0 s\u2019approprier la fa\u00e7ade de la cath\u00e9drale de Rouen, dans un spectacle immersif \u00e9voquant \u00e0 la fois le po\u00e8te Arthur Rimbaud (1854\u20131891) et le compositeur Benjamin Britten (1913\u20131976).<\/p>\n<p>Revoir Barbara Butch<\/p>\n<p class=\"editor-content__paragraph\">\u00ab\u00a0Nous voulons que cette f\u00eate de cl\u00f4ture du festival rassemble\u00a0\u00bb, esp\u00e8re le directeur du festival Philippe Platel. \u00ab\u00a0D\u00e9sormais mondialement c\u00e9l\u00e8bre (\u2026), Barbara Butch sera aux platines et nous en sommes tr\u00e8s fiers. Loin des fausses pol\u00e9miques, Barbara revient l\u00e0 o\u00f9 elle excelle\u00a0: <strong>rendre les foules heureuses<\/strong>.\u00a0\u00bb<\/p>\n<p class=\"editor-content__paragraph\">L\u2019homme fait r\u00e9f\u00e9rence \u00e0 la<strong> terrible vague de harc\u00e8lement<\/strong> qu\u2019a subie la musicienne apr\u00e8s avoir mix\u00e9, la t\u00eate orn\u00e9e d\u2019un spectaculaire diad\u00e8me, lors du <strong>d\u00e9fil\u00e9 de mode ultra-queer de la <\/strong><a href=\"https:\/\/www.beauxarts.com\/grand-format\/quelles-sont-les-references-artistiques-de-la-ceremonie-douverture-des-jo\/\" target=\"_blank\" rel=\"noopener nofollow\"><strong>c\u00e9r\u00e9monie d\u2019ouverture<\/strong> des Jeux olympiques le 26\u00a0juillet dernier<\/a>. Grossophobie, antis\u00e9mitisme, lesbophobie\u00a0: rien n\u2019avait \u00e9t\u00e9 \u00e9pargn\u00e9 \u00e0 cette personnalit\u00e9 exceptionnellement charismatique de la sc\u00e8ne musicale fran\u00e7aise.<\/p>\n<p>        \u00c0 lire aussi :<br \/>\n        <a class=\"renvoi-explicite__link\" href=\"https:\/\/www.beauxarts.com\/grand-format\/quelles-sont-les-references-artistiques-de-la-ceremonie-douverture-des-jo\/\" rel=\"nofollow noopener\" target=\"_blank\">Quelles sont les r\u00e9f\u00e9rences artistiques de la c\u00e9r\u00e9monie d\u2019ouverture des JO ?<\/a><\/p>\n<p>Un cadre d\u2019exception<\/p>\n<p>    <img loading=\"lazy\" decoding=\"async\" class=\"image__img\" src=\"https:\/\/www.europesays.com\/fr\/wp-content\/uploads\/2025\/06\/barbara-butch-cathedrale-rouen-964x1061.jpg\" alt=\"Barbara Butch mixera devant la Cath\u00e9drale Rouen le 21 septembre 2024 lors de la cl\u00f4ture du Festival Normandie Impressionnsite\" width=\"964\" height=\"1061\"\/><\/p>\n<p>Barbara Butch mixera devant la Cath\u00e9drale Rouen le 21\u00a0septembre 2024\u00a0lors de la cl\u00f4ture du Festival Normandie Impressionnsite<\/p>\n<p>    i<\/p>\n<p class=\"legende__cartel\">\u00a9 Normandie Impressionniste<\/p>\n<p class=\"editor-content__paragraph\">Ici, devant <strong>cette cath\u00e9drale maintes fois peinte par <a href=\"https:\/\/www.beauxarts.com\/grand-format\/claude-monet-en-2-minutes\/\" target=\"_blank\" rel=\"noopener nofollow\">Claude Monet<\/a><\/strong>, l\u2019artiste passionn\u00e9e de musique depuis sa plus tendre enfance pourra s\u2019affirmer de nouveau et s\u2019exprimer librement, pour donner \u00e0 la cl\u00f4ture du festival la modernit\u00e9 qui lui sied si bien \u2013 nombre de ses expositions ayant mis \u00e0 l\u2019honneur des <strong>artistes contemporains<\/strong>, tels que <a href=\"https:\/\/www.beauxarts.com\/expos\/david-hockney-limpressionniste-pop-dans-une-expo-en-demi-teinte-a-rouen\/\" target=\"_blank\" rel=\"noopener nofollow\">David Hockney au mus\u00e9e des Beaux-Arts de Rouen<\/a> ou Laurent Grasso \u00e0 l\u2019abbaye de Jumi\u00e8ges.<\/p>\n<p class=\"editor-content__paragraph\">Une nouvelle fois, Barbara Butch tissera des<strong> liens entre le patrimoine et l\u2019art d\u2019aujourd\u2019hui<\/strong>, la France des <a href=\"https:\/\/www.beauxarts.com\/grand-format\/limpressionnisme-en-3-minutes\/\" target=\"_blank\" rel=\"noopener nofollow\">impressionnistes<\/a> et celle des performeurs queer\u2026 Elle pourra prouver, n\u2019en d\u00e9plaise aux grincheux, que c\u2019est bel et bien gr\u00e2ce \u00e0 des personnalit\u00e9s comme elle que le public des grands rendez-vous artistiques se renouvelle, se rajeunit et se diversifie.<\/p>\n<p>        \u00c0 lire aussi :<br \/>\n        <a class=\"renvoi-explicite__link\" href=\"https:\/\/www.beauxarts.com\/expos\/expos-spectacles-gastronomie-10-rendez-vous-inratables-pour-feter-les-150-ans-de-limpressionnisme\/\" rel=\"nofollow noopener\" target=\"_blank\">Expos, spectacles, gastronomie\u2026 10 rendez-vous inratables pour f\u00eater les 150 ans de l\u2019impressionnisme<\/a><\/p>\n<p>  Arrow<\/p>\n<p>DJ set de Barbara Butch avec les illuminations d&rsquo;Antoine+Manuel<\/p>\n<p class=\"annexe-content__subtitle\">Le samedi 21 septembre 2024 \u00e0 21 heures<\/p>\n<p><a href=\"https:\/\/www.normandie-impressionniste.fr\/fr\/programme\/event\/1011\/soiree-cloture-de-festival\" target=\"_blank\" rel=\"noopener nofollow\">Pour en savoir plus sur la cl\u00f4ture du festival Normandie Impressionniste<\/a><\/p>\n","protected":false},"excerpt":{"rendered":"F\u00eatards de tout poil, \u00e0 vos agendas\u00a0! Le samedi 21\u00a0septembre, autrement dit en pleines Journ\u00e9es europ\u00e9ennes du patrimoine,&hellip;\n","protected":false},"author":2,"featured_media":216656,"comment_status":"","ping_status":"","sticky":false,"template":"","format":"standard","meta":{"footnotes":""},"categories":[9587],"tags":[1111,11,1396,35593,1697,1777,674,35592,1011,27,34991,873,12,5161,25,9590],"class_list":{"0":"post-216655","1":"post","2":"type-post","3":"status-publish","4":"format-standard","5":"has-post-thumbnail","7":"category-rouen","8":"tag-actu","9":"tag-actualites","10":"tag-art-contemporain","11":"tag-cathedrale-notre-dame-de-rouen","12":"tag-concert","13":"tag-eu","14":"tag-europe","15":"tag-festival-normandie-impressionniste","16":"tag-fr","17":"tag-france","18":"tag-mapping","19":"tag-musique","20":"tag-news","21":"tag-normandie","22":"tag-republique-francaise","23":"tag-rouen"},"share_on_mastodon":{"url":"https:\/\/pubeurope.com\/@fr\/114774489622550908","error":""},"_links":{"self":[{"href":"https:\/\/www.europesays.com\/fr\/wp-json\/wp\/v2\/posts\/216655","targetHints":{"allow":["GET"]}}],"collection":[{"href":"https:\/\/www.europesays.com\/fr\/wp-json\/wp\/v2\/posts"}],"about":[{"href":"https:\/\/www.europesays.com\/fr\/wp-json\/wp\/v2\/types\/post"}],"author":[{"embeddable":true,"href":"https:\/\/www.europesays.com\/fr\/wp-json\/wp\/v2\/users\/2"}],"replies":[{"embeddable":true,"href":"https:\/\/www.europesays.com\/fr\/wp-json\/wp\/v2\/comments?post=216655"}],"version-history":[{"count":0,"href":"https:\/\/www.europesays.com\/fr\/wp-json\/wp\/v2\/posts\/216655\/revisions"}],"wp:featuredmedia":[{"embeddable":true,"href":"https:\/\/www.europesays.com\/fr\/wp-json\/wp\/v2\/media\/216656"}],"wp:attachment":[{"href":"https:\/\/www.europesays.com\/fr\/wp-json\/wp\/v2\/media?parent=216655"}],"wp:term":[{"taxonomy":"category","embeddable":true,"href":"https:\/\/www.europesays.com\/fr\/wp-json\/wp\/v2\/categories?post=216655"},{"taxonomy":"post_tag","embeddable":true,"href":"https:\/\/www.europesays.com\/fr\/wp-json\/wp\/v2\/tags?post=216655"}],"curies":[{"name":"wp","href":"https:\/\/api.w.org\/{rel}","templated":true}]}}