{"id":216659,"date":"2025-06-30T21:43:09","date_gmt":"2025-06-30T21:43:09","guid":{"rendered":"https:\/\/www.europesays.com\/fr\/216659\/"},"modified":"2025-06-30T21:43:09","modified_gmt":"2025-06-30T21:43:09","slug":"metropole-de-grenoble-des-inondations-et-des-chutes-darbre-provoquees-par-lorage","status":"publish","type":"post","link":"https:\/\/www.europesays.com\/fr\/216659\/","title":{"rendered":"M\u00e9tropole de Grenoble. Des inondations et des chutes d\u2019arbre provoqu\u00e9es par l\u2019orage"},"content":{"rendered":"<p>Le bref orage qui a travers\u00e9 le sud -Is\u00e8re ce lundi soir a provoqu\u00e9 des inondations de locaux et de caves dans le secteur de Vizille et de Vif, les rafales couchant quelques arbres sur les routes.<\/p>\n<p>Ce fut le cas en fin d\u2019apr\u00e8s-midi \u00e0 Goncelin o\u00f9 <a href=\"https:\/\/www.ledauphine.com\/transport\/2025\/06\/30\/la-ligne-sncf-grenoble-chambery-coupee-a-la-suite-d-une-chute-d-arbre-sur-les-voies\" target=\"_blank\" rel=\"nofollow noopener\">un arbre est tomb\u00e9<\/a> en travers des voies SNCF de la ligne Grenoble-Chamb\u00e9ry, provoquant l\u2019arr\u00eat du trafic ferroviaire pendant plusieurs heures. Ou encore sur la Rd 1532 entre Noyarey et Sassenage, mais sans cons\u00e9quences graves. Un impressionnant orage s\u2019est abattu un peu plus tard sur la Chartreuse et le nord de la r\u00e9gion voironnaise, sans qu\u2019aucun incident grave ne soit signal\u00e9 \u00e0 22 heures.<\/p>\n","protected":false},"excerpt":{"rendered":"Le bref orage qui a travers\u00e9 le sud -Is\u00e8re ce lundi soir a provoqu\u00e9 des inondations de locaux&hellip;\n","protected":false},"author":2,"featured_media":216660,"comment_status":"","ping_status":"","sticky":false,"template":"","format":"standard","meta":{"footnotes":""},"categories":[9566],"tags":[1111,11,2430,112,113,114,1777,674,274,1011,27,2731,2732,108,8423,12,21900,25,16668,1986,35595,7831],"class_list":{"0":"post-216659","1":"post","2":"type-post","3":"status-publish","4":"format-standard","5":"has-post-thumbnail","7":"category-grenoble","8":"tag-actu","9":"tag-actualites","10":"tag-auvergne-rhone-alpes","11":"tag-edition-grenoble-agglomeration","12":"tag-edition-gresivaudan-oisans","13":"tag-edition-voiron-saint-marcellin","14":"tag-eu","15":"tag-europe","16":"tag-faits-divers-justice","17":"tag-fr","18":"tag-france","19":"tag-grenoble","20":"tag-grenoble-bassin","21":"tag-isere","22":"tag-meteorologie-climat","23":"tag-news","24":"tag-noyarey","25":"tag-republique-francaise","26":"tag-sassenage","27":"tag-vif","28":"tag-vizille","29":"tag-voiron"},"share_on_mastodon":{"url":"https:\/\/pubeurope.com\/@fr\/114774502088355706","error":""},"_links":{"self":[{"href":"https:\/\/www.europesays.com\/fr\/wp-json\/wp\/v2\/posts\/216659","targetHints":{"allow":["GET"]}}],"collection":[{"href":"https:\/\/www.europesays.com\/fr\/wp-json\/wp\/v2\/posts"}],"about":[{"href":"https:\/\/www.europesays.com\/fr\/wp-json\/wp\/v2\/types\/post"}],"author":[{"embeddable":true,"href":"https:\/\/www.europesays.com\/fr\/wp-json\/wp\/v2\/users\/2"}],"replies":[{"embeddable":true,"href":"https:\/\/www.europesays.com\/fr\/wp-json\/wp\/v2\/comments?post=216659"}],"version-history":[{"count":0,"href":"https:\/\/www.europesays.com\/fr\/wp-json\/wp\/v2\/posts\/216659\/revisions"}],"wp:featuredmedia":[{"embeddable":true,"href":"https:\/\/www.europesays.com\/fr\/wp-json\/wp\/v2\/media\/216660"}],"wp:attachment":[{"href":"https:\/\/www.europesays.com\/fr\/wp-json\/wp\/v2\/media?parent=216659"}],"wp:term":[{"taxonomy":"category","embeddable":true,"href":"https:\/\/www.europesays.com\/fr\/wp-json\/wp\/v2\/categories?post=216659"},{"taxonomy":"post_tag","embeddable":true,"href":"https:\/\/www.europesays.com\/fr\/wp-json\/wp\/v2\/tags?post=216659"}],"curies":[{"name":"wp","href":"https:\/\/api.w.org\/{rel}","templated":true}]}}