{"id":216676,"date":"2025-06-30T21:53:11","date_gmt":"2025-06-30T21:53:11","guid":{"rendered":"https:\/\/www.europesays.com\/fr\/216676\/"},"modified":"2025-06-30T21:53:11","modified_gmt":"2025-06-30T21:53:11","slug":"bordeaux-p2-yanguas-et-nieto-trop-solides-pour-joris-guichard","status":"publish","type":"post","link":"https:\/\/www.europesays.com\/fr\/216676\/","title":{"rendered":"Bordeaux P2 \u2013 Yanguas et Nieto trop solides pour Joris \/ Guichard"},"content":{"rendered":"<p>Devant un public acquis \u00e0 leur cause, Maxime Joris et Dylan Guichard ont livr\u00e9 un combat courageux mais insuffisant face \u00e0 <strong>Mike Yanguas et Coki Nieto<\/strong>, t\u00eate de s\u00e9rie num\u00e9ro 4 \u00e0 Bordeaux. R\u00e9sultat final : <strong>6\/2 6\/2<\/strong> en un peu plus d\u2019une heure de jeu.<\/p>\n<p><strong>Un d\u00e9part difficile face \u00e0 des patrons du jeu<\/strong><\/p>\n<p>Dans chaque set, les Fran\u00e7ais se font breaker rapidement. <strong>Les Espagnols prennent vite le contr\u00f4le du filet<\/strong>, imposant leur rythme et leur solidit\u00e9. En d\u00e9fense comme en relance, Coki Nieto a une nouvelle fois d\u00e9montr\u00e9 pourquoi il est l\u2019un des joueurs les plus rapides et complets du circuit. Avec son comp\u00e8re Mike Yanguas, le duo a parfaitement g\u00e9r\u00e9 les \u00e9changes et <strong>emp\u00each\u00e9 les Fran\u00e7ais d\u2019installer leur jeu<\/strong>.<\/p>\n<p><strong>Quelques fulgurances tricolores<\/strong><\/p>\n<p>Pourtant, Maxime Joris et Dylan Guichard n\u2019ont pas d\u00e9m\u00e9rit\u00e9. <strong>Quelques coups d\u2019\u00e9clat<\/strong>, notamment au smash, ont r\u00e9veill\u00e9 les tribunes du Patinoire de M\u00e9riadeck. Mais face \u00e0 la rigueur tactique et la pr\u00e9cision des Espagnols, <strong>chaque petite erreur se payait cash<\/strong>. Les stats sont claires : <strong>40% de points gagn\u00e9s pour les Fran\u00e7ais contre 60% pour leurs adversaires<\/strong>, et <strong>0 balle de break convertie<\/strong>.<\/p>\n<p><img title=\"image | Padel Magazine\" decoding=\"async\" src=\"https:\/\/www.europesays.com\/fr\/wp-content\/uploads\/2025\/06\/image-74.png\" alt=\"\" class=\"wp-image-262931\"\/><strong>Une d\u00e9faite logique mais instructive<\/strong><\/p>\n<p>\u00c0 domicile, Maxime Joris r\u00eavait forc\u00e9ment d\u2019un exploit, mais ce match face aux <strong>num\u00e9ros 7 et 8 mondiaux<\/strong> reste une belle le\u00e7on \u00e0 retenir. Malgr\u00e9 la d\u00e9faite, <strong>les Fran\u00e7ais ont montr\u00e9 qu\u2019ils pouvaient tenir la cadence par s\u00e9quences<\/strong>, et cette exp\u00e9rience au plus haut niveau ne pourra que les faire grandir.<\/p>\n<p><strong>Prochaine \u00e9tape : Narbonne<\/strong><\/p>\n<p>Pas le temps de cogiter : Maxime Joris encha\u00eenera d\u00e8s la semaine prochaine sur le circuit FIP, <strong>au FIP Silver de Set Padel Narbonne<\/strong>, cette fois en compagnie de <strong>J\u00e9r\u00e9my Scatena<\/strong>. Un nouveau d\u00e9fi pour le Bordelais.<\/p>\n<p><img loading=\"lazy\" decoding=\"async\" data-del=\"avatar\" alt=\"Benjamin Dupouy\" src=\"https:\/\/www.europesays.com\/fr\/wp-content\/uploads\/2025\/04\/IMG_5219-150x150.jpg\" class=\"avatar pp-user-avatar avatar-100 photo \" height=\"100\" width=\"100\"\/><\/p>\n<p>J\u2019ai d\u00e9couvert le padel directement lors d\u2019un tournoi, et franchement, je n\u2019ai pas trop accroch\u00e9 au d\u00e9but. Mais la deuxi\u00e8me fois, \u00e7a a \u00e9t\u00e9 le coup de foudre, et depuis, je ne rate plus un seul match. Je suis m\u00eame pr\u00eat \u00e0 rester \u00e9veill\u00e9 jusqu\u2019\u00e0 3h du matin pour regarder une finale de Premier Padel !<\/p>\n<p class=\"related-title\">Sur le m\u00eame sujet<\/p>\n","protected":false},"excerpt":{"rendered":"Devant un public acquis \u00e0 leur cause, Maxime Joris et Dylan Guichard ont livr\u00e9 un combat courageux mais&hellip;\n","protected":false},"author":2,"featured_media":216677,"comment_status":"","ping_status":"","sticky":false,"template":"","format":"standard","meta":{"footnotes":""},"categories":[2817],"tags":[1111,11,1997,31147,1777,674,1011,27,31149,12,2219,30680,25],"class_list":{"0":"post-216676","1":"post","2":"type-post","3":"status-publish","4":"format-standard","5":"has-post-thumbnail","7":"category-bordeaux","8":"tag-actu","9":"tag-actualites","10":"tag-bordeaux","11":"tag-dylan-guichard","12":"tag-eu","13":"tag-europe","14":"tag-fr","15":"tag-france","16":"tag-maxime-joris","17":"tag-news","18":"tag-nouvelle-aquitaine","19":"tag-premier-padel-bordeaux-p2","20":"tag-republique-francaise"},"share_on_mastodon":{"url":"https:\/\/pubeurope.com\/@fr\/114774540607237452","error":""},"_links":{"self":[{"href":"https:\/\/www.europesays.com\/fr\/wp-json\/wp\/v2\/posts\/216676","targetHints":{"allow":["GET"]}}],"collection":[{"href":"https:\/\/www.europesays.com\/fr\/wp-json\/wp\/v2\/posts"}],"about":[{"href":"https:\/\/www.europesays.com\/fr\/wp-json\/wp\/v2\/types\/post"}],"author":[{"embeddable":true,"href":"https:\/\/www.europesays.com\/fr\/wp-json\/wp\/v2\/users\/2"}],"replies":[{"embeddable":true,"href":"https:\/\/www.europesays.com\/fr\/wp-json\/wp\/v2\/comments?post=216676"}],"version-history":[{"count":0,"href":"https:\/\/www.europesays.com\/fr\/wp-json\/wp\/v2\/posts\/216676\/revisions"}],"wp:featuredmedia":[{"embeddable":true,"href":"https:\/\/www.europesays.com\/fr\/wp-json\/wp\/v2\/media\/216677"}],"wp:attachment":[{"href":"https:\/\/www.europesays.com\/fr\/wp-json\/wp\/v2\/media?parent=216676"}],"wp:term":[{"taxonomy":"category","embeddable":true,"href":"https:\/\/www.europesays.com\/fr\/wp-json\/wp\/v2\/categories?post=216676"},{"taxonomy":"post_tag","embeddable":true,"href":"https:\/\/www.europesays.com\/fr\/wp-json\/wp\/v2\/tags?post=216676"}],"curies":[{"name":"wp","href":"https:\/\/api.w.org\/{rel}","templated":true}]}}