{"id":216678,"date":"2025-06-30T21:54:10","date_gmt":"2025-06-30T21:54:10","guid":{"rendered":"https:\/\/www.europesays.com\/fr\/216678\/"},"modified":"2025-06-30T21:54:10","modified_gmt":"2025-06-30T21:54:10","slug":"suite-aux-effondrements-ce-collectif-se-mobilise","status":"publish","type":"post","link":"https:\/\/www.europesays.com\/fr\/216678\/","title":{"rendered":"suite aux effondrements, ce collectif se mobilise"},"content":{"rendered":"<p>            Par<br \/>\n        <strong><br \/>\n            <a href=\"https:\/\/actu.fr\/auteur\/lea-afonso\" title=\"Consulter tous les articles de L\u00e9a Afonso\" target=\"_blank\" rel=\"noopener\">L\u00e9a Afonso<\/a><br \/>\n        <\/strong><\/p>\n<p>        Publi\u00e9 le<\/p>\n<p>            30 juin 2025 \u00e0 18h13        <\/p>\n<p>Quelques jours apr\u00e8s<a href=\"https:\/\/actu.fr\/occitanie\/toulouse_31555\/toulouse-nouvel-effondrement-dans-ce-quartier-un-trou-de-20-metres-de-profondeur-dans-un-jardin_62838590.html\" target=\"_blank\" rel=\"noopener\"> un nouvel incident<\/a> \u00e0 <a href=\"https:\/\/actu.fr\/toulouse\/\" target=\"_blank\" rel=\"noopener\">Toulouse<\/a> en raison des travaux de la <a href=\"https:\/\/actu.fr\/tag\/ligne-c-du-metro-de-toulouse\" target=\"_blank\" rel=\"noopener\">ligne C du m\u00e9tro<\/a> et du <strong>passage du tunnelier Marie-Th\u00e9r\u00e8se de Villeneuve-Arifat<\/strong>, l\u2019inqui\u00e9tude r\u00e8gne chez les Toulousains. Peur d\u2019un nouvel effondrement, questionnement sur la suite du chantier\u2026 Un collectif demande l<strong>\u2019arr\u00eat du percement <\/strong>ce dimanche 29\u00a0juin 2025. Une requ\u00eate \u00e0 laquelle Tiss\u00e9o r\u00e9agit.<\/p>\n<p>\u00ab\u2009Nous demandons l\u2019arr\u00eat du percement\u2009\u00bb<\/p>\n<p class=\" wall-content\">\u00ab\u2009Suite au <strong>3e effondrement des sous-sols<\/strong> dans le quartier Bonnefoy, nous demandons l\u2019arr\u00eat du percement de ce tunnelier de la ligne C et la<strong> mise en place d\u2019une Commission d\u2019Enqu\u00eate technique ind\u00e9pendante<\/strong>\u2009\u00bb annonce de but en blanc le collectif Non au gratte-ciel de Toulouse-Collectif pour un urbanisme citoyen, port\u00e9 par Richard M\u00e9baoudj.<\/p>\n<p class=\" wall-content\">Un signal d\u2019alerte lanc\u00e9 apr\u00e8s <a href=\"https:\/\/actu.fr\/occitanie\/toulouse_31555\/toulouse-nouvel-effondrement-dans-ce-quartier-un-trou-de-20-metres-de-profondeur-dans-un-jardin_62838590.html\" target=\"_blank\" rel=\"noopener\">un nouvel incident le long du percement de la ligne C du m\u00e9tro.<\/a> Ce vendredi 27\u00a0juin, un<strong> vide \u00e0 plus de 25\u00a0m\u00e8tres de profondeur<\/strong>, a \u00e9t\u00e9 d\u00e9couvert dans le jardin d\u2019une maison rue du G\u00e9n\u00e9ral Taupin quartier Marengo-Jolimont. Probl\u00e8me qui a <a href=\"https:\/\/actu.fr\/occitanie\/toulouse_31555\/toulouse-on-n-est-pas-du-tout-rassure-l-inquietude-apres-un-nouvel-effondrement-dans-ce-quartier_62838730.html\" target=\"_blank\" rel=\"noopener\">suscit\u00e9 l\u2019inqui\u00e9tude chez les riverains<\/a> apr\u00e8s les divers effondrements dans ce secteur d\u00fbs au passage du tunnelier. Rappelons qu\u2019il s\u2019agissait l\u00e0 d\u2019un vide d\u00e9couvert <strong>sous la terre, sans aucun <\/strong><strong>effondrement ni affaissement, <\/strong>dans le cadre des nouvelles investigations mises en place par Tiss\u00e9o<a href=\"https:\/\/actu.fr\/occitanie\/toulouse_31555\/toulouse-elle-a-eu-le-temps-de-dire-j-entends-un-crac-avant-que-tout-s-effondre-dans-sa-maison_62802510.html\" target=\"_blank\" rel=\"noopener\"> \u00e0 la suite de l\u2019incident au 6 rue Louis Mass\u00e9, le 20\u00a0juin dernier<\/a>.<\/p>\n<p>Un collectif qui s\u2019inqui\u00e8te<\/p>\n<p class=\" wall-content\">Pour autant, le collectif s\u2019alarme\u2009: \u00ab\u00a0Ce n\u2019est <strong>plus une situation fortuite<\/strong> et c\u2019est tr\u00e8s <strong>inqui\u00e9tant<\/strong> pour les Toulousains\u2009: \u2013 pour le 1er cas d\u2019effondrement d\u2019un trou de 5 m\u00e8tres dans le jardin d\u2019un pavillon, on pouvait dire que cela pouvait \u00eatre fortuit. Pour le 2\u1d49 cas d\u2019effondrement, qui avait mis directement en danger une dame octog\u00e9naire dans sa maison, cela commen\u00e7ait \u00e0 faire syst\u00e8me\u2009! La victime et ses voisins avaient d\u00fb \u00e9vacuer en extr\u00eame urgence leurs maisons et ils ne sont toujours pas autoris\u00e9s \u00e0 y retourner. Le troisi\u00e8me cas d\u2019effondrement (qui n\u2019\u00e9tait en r\u00e9alit\u00e9 qu\u2019un vide sous terre et pas un effondrement, NDLR) de ce vendredi 27\u00a0juin, nous am\u00e8ne \u00e0 r\u00e9clamer l\u2019arr\u00eat imm\u00e9diat du percement de ce tunnelier et l\u2019ouverture d\u2019une enqu\u00eate technique ind\u00e9pendante.\u00a0\u00bb<\/p>\n<p class=\" wall-content\">Une<strong> inqui\u00e9tude sur les probl\u00e8mes pass\u00e9s, mais aussi sur la suite des travaux<\/strong>\u2009: \u00ab\u2009Tous les sous-sols de la zone Matabiau sont tr\u00e8s fragiles, car ils sont situ\u00e9s au bord du canal du Midi et au pied de la colline de Jolimont d\u2019o\u00f9 s\u2019\u00e9coulent les eaux de pluies. Ces sous-sols sont d\u00e9j\u00e0 tr\u00e8s sollicit\u00e9s avec la pr\u00e9sence du tunnel de la ligne A de m\u00e9tro et celle des immeubles de grande hauteur de l\u2019all\u00e9e Jean Jaur\u00e8s auxquels s\u2019ajouteront le tunnel et la station de m\u00e9tro de la ligne C, puis les travaux annonc\u00e9s en 2026 du gratte-ciel de la tour Occitanie\u2026 et enfin des travaux de la Halle aux Mobilit\u00e9s qui sera un b\u00e2timent imposant\u2009\u00bb, continue le collectif.<\/p>\n<p>Une sollicitation qui soul\u00e8ve une question<\/p>\n<p class=\" wall-content\">Contact\u00e9 par Actu Toulouse, Jean-Fran\u00e7ois Lacrou, directeur g\u00e9n\u00e9ral de Tiss\u00e9o Ing\u00e9ni\u00e9rie s\u2019exprime face aux annonces du collectif\u2009: \u00ab\u2009Je suis surpris d\u2019avoir ce type d\u2019interpellation, conc\u00e8de-t-il.\u00a0Ce qui est difficile, c\u2019est qu\u2019un certain nombre de d\u00e9clarations ont \u00e9t\u00e9 faites alors que les donn\u00e9es que nous sommes en train d\u2019analyser, ces personnes ne les ont pas. <strong>Je ne comprends pas sur quoi ils se basent pour demander cet arr\u00eat du chantier<\/strong>\u2009\u00bb.<\/p>\n<p class=\" wall-content\">\u00ab\u2009Durant la phase de conception, on a fait plus de sondages du sol que n\u00e9cessaires. Les \u00e9tudes n\u2019ont pas \u00e9t\u00e9 b\u00e2cl\u00e9es, avec un ma\u00eetre d\u2019\u0153uvre et une ex\u00e9cution des travaux par des entreprises tr\u00e8s comp\u00e9tentes\u2009\u00bb, poursuit-il.<\/p>\n<p>Vigilance pour la suite des travaux<\/p>\n<p class=\" wall-content\">Alors face \u00e0 ces questionnements et pour \u00e9viter tous risques \u00e0 venir, Tiss\u00e9o prend les devants. \u00ab\u2009Nous faisons notamment des<strong> contr\u00f4les l\u00e0 o\u00f9 le tunnelier est d\u00e9j\u00e0 pass\u00e9<\/strong>, sur les zones dites sensibles. Ce sont des espaces dans lesquels le fontim\u00e8tre a d\u00e9tect\u00e9 des endroits plus d\u00e9licats au moment du passage du tunnelier, mais sur lesquels on ne s\u2019\u00e9tait pas attard\u00e9. L\u00e0, nous refaisons des sondages du sol et d\u00e8s que l\u2019on d\u00e9couvre du vide, nous rebouchons \u00e0 l\u2019aide de b\u00e9ton\u2009\u00bb, d\u00e9roule Jean-Fran\u00e7ois Lacrou. D\u2019o\u00f9 les b\u00e9tonneuses et les foreuses ce vendredi 27\u00a0juin quartier Marengo-Jolimont.<\/p>\n<p class=\" wall-content\">Pour la suite du chantier, Tiss\u00e9o <strong>renforce son dispositif de surveillance<\/strong> et r\u00e9alise des <strong>contr\u00f4les de surveillance<\/strong> d\u00e8s le d\u00e9clenchement du fontim\u00e8tre. \u00ab\u2009Si aujourd\u2019hui, on appliquait ce dispositif \u00e0 la rue Louis Mass\u00e9, l\u2019affaissement du sol de l\u2019habitation ne se serait pas produit. On aurait reconnu le vide\u2009\u00bb.<\/p>\n<p>\u00ab\u2009Je comprends leur inqui\u00e9tude\u2009\u00bb<\/p>\n<p class=\" wall-content\">Tiss\u00e9o se veut tout de m\u00eame rassurant sur la continuit\u00e9 du projet. \u00ab\u2009Je comprends l\u2019inqui\u00e9tude des Toulousains. Quand la maison d\u2019\u00e0 c\u00f4t\u00e9 voit arriver une toupie, \u00e7a inqui\u00e8te. Ces op\u00e9rations-l\u00e0 sont des <strong>contr\u00f4les suppl\u00e9mentaires<\/strong> que l\u2019on r\u00e9alise pour s\u2019assurer qu\u2019il n\u2019y a plus aucun sujet dans le sol. On vient<strong> renforcer et s\u00e9curiser le territoire<\/strong> pour que le restant du chantier se d\u00e9roule au mieux. D\u2019autant que l\u2019on se base aussi sur les incidents que l\u2019on avait pu avoir en per\u00e7ant les lignes A et B\u2009\u00bb, termine le directeur de Tiss\u00e9o Ing\u00e9rni\u00e9rie.<\/p>\n<p class=\" wall-content\">Des incidents qui ne devaient <strong>pas impacter le calendrier des travaux<\/strong>. \u00ab\u2009Les d\u00e9lais sont maintenus\u2009\u00bb, assure Tiss\u00e9o.<\/p>\n<p class=\" wall-content\">Suivez toute l\u2019actualit\u00e9 de vos villes et m\u00e9dias favoris en vous inscrivant \u00e0 <a href=\"https:\/\/moncompte.actu.fr\" title=\"D\u00e9couvez Mon Actu\" rel=\"nofollow noopener\" data-trk=\"{&quot;cta&quot;:{&quot;action&quot;:&quot;https:\\\/\\\/moncompte.actu.fr&quot;,&quot;category&quot;:&quot;mon compte&quot;,&quot;from&quot;:&quot;article footer&quot;,&quot;name&quot;:&quot;Mon actu&quot;,&quot;type&quot;:&quot;cta&quot;}}\" target=\"_blank\">Mon Actu<\/a>.<\/p>\n<ul class=\"ac-article-tag wall-content\">\n<li><a href=\"https:\/\/actu.fr\/tag\/ligne-c-du-metro-de-toulouse\" data-trk=\"{&quot;cta&quot;:{&quot;action&quot;:&quot;Ligne C du m\\u00e9tro de Toulouse&quot;,&quot;category&quot;:&quot;tag&quot;,&quot;from&quot;:&quot;article footer&quot;,&quot;name&quot;:&quot;Ligne C du m\\u00e9tro de Toulouse&quot;,&quot;type&quot;:&quot;cta&quot;}}\" target=\"_blank\" rel=\"noopener\">#Ligne C du m\u00e9tro de Toulouse<\/a><\/li>\n<li><a href=\"https:\/\/actu.fr\/tag\/tisseo\" data-trk=\"{&quot;cta&quot;:{&quot;action&quot;:&quot;Tiss\\u00e9o&quot;,&quot;category&quot;:&quot;tag&quot;,&quot;from&quot;:&quot;article footer&quot;,&quot;name&quot;:&quot;Tiss\\u00e9o&quot;,&quot;type&quot;:&quot;cta&quot;}}\" target=\"_blank\" rel=\"noopener\">#Tiss\u00e9o<\/a><\/li>\n<\/ul>\n","protected":false},"excerpt":{"rendered":"Par L\u00e9a Afonso Publi\u00e9 le 30 juin 2025 \u00e0 18h13 Quelques jours apr\u00e8s un nouvel incident \u00e0 Toulouse&hellip;\n","protected":false},"author":2,"featured_media":216679,"comment_status":"","ping_status":"","sticky":false,"template":"","format":"standard","meta":{"footnotes":""},"categories":[2816],"tags":[1111,11,1777,674,1011,27,5224,12,2680,25,104,5400,2312],"class_list":{"0":"post-216678","1":"post","2":"type-post","3":"status-publish","4":"format-standard","5":"has-post-thumbnail","7":"category-toulouse","8":"tag-actu","9":"tag-actualites","10":"tag-eu","11":"tag-europe","12":"tag-fr","13":"tag-france","14":"tag-ligne-c-du-metro-de-toulouse","15":"tag-news","16":"tag-occitanie","17":"tag-republique-francaise","18":"tag-societe","19":"tag-tisseo","20":"tag-toulouse"},"share_on_mastodon":{"url":"","error":""},"_links":{"self":[{"href":"https:\/\/www.europesays.com\/fr\/wp-json\/wp\/v2\/posts\/216678","targetHints":{"allow":["GET"]}}],"collection":[{"href":"https:\/\/www.europesays.com\/fr\/wp-json\/wp\/v2\/posts"}],"about":[{"href":"https:\/\/www.europesays.com\/fr\/wp-json\/wp\/v2\/types\/post"}],"author":[{"embeddable":true,"href":"https:\/\/www.europesays.com\/fr\/wp-json\/wp\/v2\/users\/2"}],"replies":[{"embeddable":true,"href":"https:\/\/www.europesays.com\/fr\/wp-json\/wp\/v2\/comments?post=216678"}],"version-history":[{"count":0,"href":"https:\/\/www.europesays.com\/fr\/wp-json\/wp\/v2\/posts\/216678\/revisions"}],"wp:featuredmedia":[{"embeddable":true,"href":"https:\/\/www.europesays.com\/fr\/wp-json\/wp\/v2\/media\/216679"}],"wp:attachment":[{"href":"https:\/\/www.europesays.com\/fr\/wp-json\/wp\/v2\/media?parent=216678"}],"wp:term":[{"taxonomy":"category","embeddable":true,"href":"https:\/\/www.europesays.com\/fr\/wp-json\/wp\/v2\/categories?post=216678"},{"taxonomy":"post_tag","embeddable":true,"href":"https:\/\/www.europesays.com\/fr\/wp-json\/wp\/v2\/tags?post=216678"}],"curies":[{"name":"wp","href":"https:\/\/api.w.org\/{rel}","templated":true}]}}