{"id":216682,"date":"2025-06-30T21:57:22","date_gmt":"2025-06-30T21:57:22","guid":{"rendered":"https:\/\/www.europesays.com\/fr\/216682\/"},"modified":"2025-06-30T21:57:22","modified_gmt":"2025-06-30T21:57:22","slug":"cyclisme-trois-rhodaniens-au-depart-du-tour-de-france-a-lille-le-samedi-5-juillet","status":"publish","type":"post","link":"https:\/\/www.europesays.com\/fr\/216682\/","title":{"rendered":"Cyclisme. Trois Rhodaniens au d\u00e9part du Tour de France \u00e0 Lille le samedi 5 juillet"},"content":{"rendered":"<p>Comme l\u2019ann\u00e9e derni\u00e8re, il y a aura trois coureurs rhodaniens dans le peloton qui participera \u00e0 la 112e \u00e9dition du Tour de France qui s\u2019\u00e9lancera ce samedi 5 juillet \u00e0 Lille pour se terminer le dimanche 27 \u00e0 Paris.<\/p>\n<p><a href=\"https:\/\/www.leprogres.fr\/sport\/2021\/06\/22\/confirmation-pour-russo-premiere-pour-godon\" target=\"_blank\" rel=\"noopener\">Cl\u00e9ment Russo<\/a> (Groupama-FDJ) et <a href=\"https:\/\/www.leprogres.fr\/sport\/2025\/05\/14\/matteo-vercher-a-pris-de-l-altitude-et-une-autre-dimension\" target=\"_blank\" rel=\"noopener\">Matt\u00e9o Vercher<\/a> (TotalEnergie) ont \u00e9t\u00e9 \u00e0 nouveau retenus et ils seront accompagn\u00e9s, non pas par <a href=\"https:\/\/www.leprogres.fr\/p\/dorian-godon\" target=\"_blank\" rel=\"noopener\">Dorian Godon<\/a> (Decathlon-Ag2r la mondiale), champion de France ce dimanche aux Herbiers (Vend\u00e9e), qui avait pr\u00e9f\u00e9r\u00e9 s\u2019aligner sur le Tour d\u2019Italie, mais par <a href=\"https:\/\/www.leprogres.fr\/sport\/2020\/09\/23\/clement-venturini-pas-la-grande-perf-que-j-esperais\" target=\"_blank\" rel=\"noopener\">Cl\u00e9ment Venturini<\/a> (Ark\u00e9a-B &amp; B H\u00f4tels). Il s\u2019agira, comme pour Vercher (24 ans), de la seconde participation pour Venturini (31 ans) 2020, alors que Russo (30 ans) participera \u00e0 son quatri\u00e8me Tour (apr\u00e8s 2020, 2021 et 2024).<\/p>\n<p>  Un licenci\u00e9 du VCVB au d\u00e9part<\/p>\n<p>Par ailleurs, le sprinter Paul Penhoet (Groupama-FDJ, 23 ans), qui r\u00e9side d\u00e9sormais dans le Rh\u00f4ne et le puncheur Alexandre Delettre (TotalEnergie, 27 ans), licenci\u00e9 au V\u00e9lo-Club Villefranche-Beaujolais, seront \u00e9galement au d\u00e9part de Lille ce samedi, pour leur premi\u00e8re participation.<\/p>\n","protected":false},"excerpt":{"rendered":"Comme l\u2019ann\u00e9e derni\u00e8re, il y a aura trois coureurs rhodaniens dans le peloton qui participera \u00e0 la 112e&hellip;\n","protected":false},"author":2,"featured_media":216683,"comment_status":"","ping_status":"","sticky":false,"template":"","format":"standard","meta":{"footnotes":""},"categories":[2815],"tags":[1111,11,24503,207,2757,1777,674,1701,1011,27,811,1307,2428,2756,12497,12,25,35596,517,15992,15993],"class_list":{"0":"post-216682","1":"post","2":"type-post","3":"status-publish","4":"format-standard","5":"has-post-thumbnail","7":"category-lille","8":"tag-actu","9":"tag-actualites","10":"tag-corbas","11":"tag-cyclisme","12":"tag-edition-lyon-villeurbanne","13":"tag-eu","14":"tag-europe","15":"tag-fil-info-sport","16":"tag-fr","17":"tag-france","18":"tag-hauts-de-france","19":"tag-lille","20":"tag-lyon","21":"tag-lyon-bassin","22":"tag-meyzieu","23":"tag-news","24":"tag-republique-francaise","25":"tag-saint-etienne-des-oullieres","26":"tag-sport","27":"tag-villefranche-sur-saone","28":"tag-villefranche-sur-saone-ville"},"share_on_mastodon":{"url":"https:\/\/pubeurope.com\/@fr\/114774556242655655","error":""},"_links":{"self":[{"href":"https:\/\/www.europesays.com\/fr\/wp-json\/wp\/v2\/posts\/216682","targetHints":{"allow":["GET"]}}],"collection":[{"href":"https:\/\/www.europesays.com\/fr\/wp-json\/wp\/v2\/posts"}],"about":[{"href":"https:\/\/www.europesays.com\/fr\/wp-json\/wp\/v2\/types\/post"}],"author":[{"embeddable":true,"href":"https:\/\/www.europesays.com\/fr\/wp-json\/wp\/v2\/users\/2"}],"replies":[{"embeddable":true,"href":"https:\/\/www.europesays.com\/fr\/wp-json\/wp\/v2\/comments?post=216682"}],"version-history":[{"count":0,"href":"https:\/\/www.europesays.com\/fr\/wp-json\/wp\/v2\/posts\/216682\/revisions"}],"wp:featuredmedia":[{"embeddable":true,"href":"https:\/\/www.europesays.com\/fr\/wp-json\/wp\/v2\/media\/216683"}],"wp:attachment":[{"href":"https:\/\/www.europesays.com\/fr\/wp-json\/wp\/v2\/media?parent=216682"}],"wp:term":[{"taxonomy":"category","embeddable":true,"href":"https:\/\/www.europesays.com\/fr\/wp-json\/wp\/v2\/categories?post=216682"},{"taxonomy":"post_tag","embeddable":true,"href":"https:\/\/www.europesays.com\/fr\/wp-json\/wp\/v2\/tags?post=216682"}],"curies":[{"name":"wp","href":"https:\/\/api.w.org\/{rel}","templated":true}]}}