{"id":216696,"date":"2025-06-30T22:05:11","date_gmt":"2025-06-30T22:05:11","guid":{"rendered":"https:\/\/www.europesays.com\/fr\/216696\/"},"modified":"2025-06-30T22:05:11","modified_gmt":"2025-06-30T22:05:11","slug":"municipales-a-paris-emmanuel-gregoire-remporte-la-primaire-ps","status":"publish","type":"post","link":"https:\/\/www.europesays.com\/fr\/216696\/","title":{"rendered":"Municipales \u00e0 Paris : Emmanuel Gr\u00e9goire remporte la primaire PS"},"content":{"rendered":"<ul class=\"jsx-862013697 ArticleChapo__List\">\n<li class=\"jsx-862013697 ArticleChapo__List_Item flex\">Le d\u00e9put\u00e9 de Paris et ancien adjoint d&rsquo;Anne Hidalgo \u00e0 la mairie de Paris a \u00e9t\u00e9 choisi lundi par les militants socialistes pour \u00eatre candidat aux \u00e9lections municipales.<\/li>\n<li class=\"jsx-862013697 ArticleChapo__List_Item flex\">Avec 52,7% des voix, il s&rsquo;impose face au s\u00e9nateur R\u00e9mi F\u00e9raud, soutenu par la maire sortante, et \u00e0 Marion Waller.<\/li>\n<\/ul>\n<p data-module=\"article-paragraph\" class=\"jsx-3046738180 Paragraph\">Le d\u00e9put\u00e9 Emmanuel Gr\u00e9goire a remport\u00e9 lundi soir la primaire pour d\u00e9signer le candidat socialiste aux \u00e9lections municipales de 2026 \u00e0 Paris, a annonc\u00e9 la f\u00e9d\u00e9ration parisienne du PS \u00e0 la presse.<\/p>\n<p data-module=\"article-paragraph\" class=\"jsx-3046738180 Paragraph\">L&rsquo;ancien premier adjoint d&rsquo;Anne Hidalgo a obtenu 52,61% des suffrages exprim\u00e9s par quelque 1.500 votants socialistes parisiens. Le s\u00e9nateur R\u00e9mi F\u00e9raud, candidat d\u00e9sign\u00e9 par la maire sortante, a lui rassembl\u00e9 44,33% des voix, devant Marion Waller, ancienne conseill\u00e8re de l&rsquo;\u00e9dile, qui obtient 3%.<\/p>\n<p data-module=\"article-paragraph\" class=\"jsx-3046738180 Paragraph Paragraph__End\">Plus d&rsquo;informations dans quelques minutes&#8230;<\/p>\n<p>La r\u00e9daction de TF1info<\/p>\n","protected":false},"excerpt":{"rendered":"Le d\u00e9put\u00e9 de Paris et ancien adjoint d&rsquo;Anne Hidalgo \u00e0 la mairie de Paris a \u00e9t\u00e9 choisi lundi&hellip;\n","protected":false},"author":2,"featured_media":216697,"comment_status":"","ping_status":"","sticky":false,"template":"","format":"standard","meta":{"footnotes":""},"categories":[1888],"tags":[1111,1928,11,1927,2618,1921,5949,1777,674,1011,27,1922,12,1926,626,1925,25,133,35598],"class_list":{"0":"post-216696","1":"post","2":"type-post","3":"status-publish","4":"format-standard","5":"has-post-thumbnail","7":"category-paris","8":"tag-actu","9":"tag-actu-paris","10":"tag-actualites","11":"tag-actualites-paris","12":"tag-anne-hidalgo","13":"tag-article-video","14":"tag-elections","15":"tag-eu","16":"tag-europe","17":"tag-fr","18":"tag-france","19":"tag-info","20":"tag-news","21":"tag-news-paris","22":"tag-paris","23":"tag-paris-news","24":"tag-republique-francaise","25":"tag-video","26":"tag-video-elections-municipales-2026"},"share_on_mastodon":{"url":"https:\/\/pubeurope.com\/@fr\/114774588270118017","error":""},"_links":{"self":[{"href":"https:\/\/www.europesays.com\/fr\/wp-json\/wp\/v2\/posts\/216696","targetHints":{"allow":["GET"]}}],"collection":[{"href":"https:\/\/www.europesays.com\/fr\/wp-json\/wp\/v2\/posts"}],"about":[{"href":"https:\/\/www.europesays.com\/fr\/wp-json\/wp\/v2\/types\/post"}],"author":[{"embeddable":true,"href":"https:\/\/www.europesays.com\/fr\/wp-json\/wp\/v2\/users\/2"}],"replies":[{"embeddable":true,"href":"https:\/\/www.europesays.com\/fr\/wp-json\/wp\/v2\/comments?post=216696"}],"version-history":[{"count":0,"href":"https:\/\/www.europesays.com\/fr\/wp-json\/wp\/v2\/posts\/216696\/revisions"}],"wp:featuredmedia":[{"embeddable":true,"href":"https:\/\/www.europesays.com\/fr\/wp-json\/wp\/v2\/media\/216697"}],"wp:attachment":[{"href":"https:\/\/www.europesays.com\/fr\/wp-json\/wp\/v2\/media?parent=216696"}],"wp:term":[{"taxonomy":"category","embeddable":true,"href":"https:\/\/www.europesays.com\/fr\/wp-json\/wp\/v2\/categories?post=216696"},{"taxonomy":"post_tag","embeddable":true,"href":"https:\/\/www.europesays.com\/fr\/wp-json\/wp\/v2\/tags?post=216696"}],"curies":[{"name":"wp","href":"https:\/\/api.w.org\/{rel}","templated":true}]}}