{"id":216700,"date":"2025-06-30T22:07:11","date_gmt":"2025-06-30T22:07:11","guid":{"rendered":"https:\/\/www.europesays.com\/fr\/216700\/"},"modified":"2025-06-30T22:07:11","modified_gmt":"2025-06-30T22:07:11","slug":"emmanuel-gregoire-designe-candidat-du-ps-aux-municipales-2026-a-paris-defaite-pour-anne-hidalgo","status":"publish","type":"post","link":"https:\/\/www.europesays.com\/fr\/216700\/","title":{"rendered":"Emmanuel Gr\u00e9goire d\u00e9sign\u00e9 candidat du PS aux municipales 2026\u00a0\u00e0 Paris, d\u00e9faite pour Anne Hidalgo"},"content":{"rendered":"<p>        <img decoding=\"async\" loading=\"lazy\" src=\"https:\/\/www.europesays.com\/fr\/wp-content\/uploads\/2025\/06\/2f4eac8_upload-1-ib50jhtqym3y-000-63cd7w9.jpg\"  width=\"728\" height=\"410\" alt=\"Emmanuel Gr\u00e9goire d\u00e9sign\u00e9 candidat du PS aux municipales 2026\u00a0\u00e0 Paris, ce lundi 30\u00a0juin. (Photo d\u2019illustration)\"\/>  <\/p>\n<p>ROMAIN PERROCHEAU \/ AFP<\/p>\n<p>Emmanuel Gr\u00e9goire d\u00e9sign\u00e9 candidat du PS aux municipales 2026\u00a0\u00e0 Paris, ce lundi 30\u00a0juin. (Photo d\u2019illustration)<\/p>\n<p class=\"asset asset-text\">POLITIQUE &#8211; Son \u00ab\u00a0chouchou\u00a0\u00bb n\u2019a pas \u00e9t\u00e9 choisi par les militants. Les quelque 1\u00a0500\u00a0adh\u00e9rents du PS parisien ont d\u00e9sign\u00e9 <a href=\"https:\/\/www.huffingtonpost.fr\/politique\/article\/municipales-2026-pourquoi-paris-est-une-poudriere-pour-les-partis-politiques_247866.html\" target=\"_blank\" rel=\"noopener\">Emmanuel Gr\u00e9goire<\/a> comme candidat aux municipales de 2026\u00a0\u00e0 Paris, au terme de sept mois d\u2019une campagne tendue entre l\u2019ex-premier adjoint d\u2019<a href=\"https:\/\/www.huffingtonpost.fr\/politique\/article\/anne-hidalgo-aimerait-bien-ce-tres-haut-poste-a-l-onu-mais-il-y-a-un-probleme-de-date_249031.html\" target=\"_blank\" rel=\"noopener\">Anne Hidalgo<\/a>, et son candidat d\u00e9sign\u00e9 R\u00e9mi F\u00e9raud. Il faisait \u00e9galement face \u00e0 Marion Waller.<\/p>\n<p class=\"asset asset-text\">Emmanuel Gr\u00e9goire a obtenu 52,61% des suffrages exprim\u00e9s. Le s\u00e9nateur R\u00e9mi F\u00e9raud a lui rassembl\u00e9 44,33% des voix, devant Marion Waller, ancienne conseill\u00e8re de l\u2019\u00e9dile sortante, qui obtient 3%.<\/p>\n<p class=\"asset asset-text\">En renon\u00e7ant en novembre \u00e0 briguer un troisi\u00e8me mandat, Anne Hidalgo avait d\u00e9sign\u00e9 R\u00e9mi F\u00e9raud, l\u2019un de ses grands fid\u00e8les, pour lui succ\u00e9der. Et d\u00e9clench\u00e9 dans le m\u00eame temps un duel fratricide avec\u00a0Emmanuel\u00a0Gr\u00e9goire, son ancien premier adjoint avec lequel elle est en froid, qui venait de se d\u00e9clarer candidat \u00e0 l\u2019H\u00f4tel de Ville.<\/p>\n<p>    Le \u00ab\u00a0droit \u00e0 vivre\u00a0\u00bb \u00e0 Paris    <\/p>\n<p class=\"asset asset-text\">Lors du vote de la date de la primaire en mars, entach\u00e9 de soup\u00e7ons d\u2019irr\u00e9gularit\u00e9s par le camp\u00a0Gr\u00e9goire, le duel a atteint son paroxysme. Anne Hidalgo a ensuite dit qu\u2019elle ne soutiendrait pas son ancien dauphin en cas de victoire, lui reprochant de l\u2019avoir \u00ab\u00a0trahie\u00a0\u00bb, notamment apr\u00e8s son \u00e9chec \u00e0 la pr\u00e9sidentielle de 2022 et son score historiquement bas (1,7\u00a0%).<\/p>\n<p class=\"asset asset-text\">Emmanuel\u00a0Gr\u00e9goire \u00e9tait soutenu par des ex-Premiers ministres Lionel Jospin et Jean-Marc Ayrault, de l\u2019ancien maire Bertrand Delano\u00eb et du chef du groupe socialiste \u00e0 l\u2019Assembl\u00e9e nationale Boris Vallaud.<\/p>\n<p class=\"asset asset-text\">Il\u00a0pr\u00f4ne le \u00ab\u00a0droit \u00e0 vivre\u00a0\u00bb \u00e0 Paris, avec un bail citoyen pour les locataires du parc priv\u00e9, ou encore des \u00ab\u00a0zones de calme\u00a0\u00bb sans deux-roues la nuit. Conseiller m\u00e9tropolitain, il a \u00e9galement men\u00e9 campagne dans le Grand Paris.<\/p>\n","protected":false},"excerpt":{"rendered":"ROMAIN PERROCHEAU \/ AFP Emmanuel Gr\u00e9goire d\u00e9sign\u00e9 candidat du PS aux municipales 2026\u00a0\u00e0 Paris, ce lundi 30\u00a0juin. (Photo&hellip;\n","protected":false},"author":2,"featured_media":216701,"comment_status":"","ping_status":"","sticky":false,"template":"","format":"standard","meta":{"footnotes":""},"categories":[1888],"tags":[11,2618,8186,1777,674,1011,27,3434,12,626,4484,316,25],"class_list":{"0":"post-216700","1":"post","2":"type-post","3":"status-publish","4":"format-standard","5":"has-post-thumbnail","7":"category-paris","8":"tag-actualites","9":"tag-anne-hidalgo","10":"tag-emmanuel-gregoire","11":"tag-eu","12":"tag-europe","13":"tag-fr","14":"tag-france","15":"tag-municipales-2026","16":"tag-news","17":"tag-paris","18":"tag-parti-socialiste-ps","19":"tag-politique","20":"tag-republique-francaise"},"share_on_mastodon":{"url":"https:\/\/pubeurope.com\/@fr\/114774595611019189","error":""},"_links":{"self":[{"href":"https:\/\/www.europesays.com\/fr\/wp-json\/wp\/v2\/posts\/216700","targetHints":{"allow":["GET"]}}],"collection":[{"href":"https:\/\/www.europesays.com\/fr\/wp-json\/wp\/v2\/posts"}],"about":[{"href":"https:\/\/www.europesays.com\/fr\/wp-json\/wp\/v2\/types\/post"}],"author":[{"embeddable":true,"href":"https:\/\/www.europesays.com\/fr\/wp-json\/wp\/v2\/users\/2"}],"replies":[{"embeddable":true,"href":"https:\/\/www.europesays.com\/fr\/wp-json\/wp\/v2\/comments?post=216700"}],"version-history":[{"count":0,"href":"https:\/\/www.europesays.com\/fr\/wp-json\/wp\/v2\/posts\/216700\/revisions"}],"wp:featuredmedia":[{"embeddable":true,"href":"https:\/\/www.europesays.com\/fr\/wp-json\/wp\/v2\/media\/216701"}],"wp:attachment":[{"href":"https:\/\/www.europesays.com\/fr\/wp-json\/wp\/v2\/media?parent=216700"}],"wp:term":[{"taxonomy":"category","embeddable":true,"href":"https:\/\/www.europesays.com\/fr\/wp-json\/wp\/v2\/categories?post=216700"},{"taxonomy":"post_tag","embeddable":true,"href":"https:\/\/www.europesays.com\/fr\/wp-json\/wp\/v2\/tags?post=216700"}],"curies":[{"name":"wp","href":"https:\/\/api.w.org\/{rel}","templated":true}]}}