{"id":216717,"date":"2025-06-30T22:16:11","date_gmt":"2025-06-30T22:16:11","guid":{"rendered":"https:\/\/www.europesays.com\/fr\/216717\/"},"modified":"2025-06-30T22:16:11","modified_gmt":"2025-06-30T22:16:11","slug":"le-prefet-des-yvelines-suspend-les-cours-sous-conditions","status":"publish","type":"post","link":"https:\/\/www.europesays.com\/fr\/216717\/","title":{"rendered":"le pr\u00e9fet des Yvelines suspend les cours sous conditions"},"content":{"rendered":"<p>            Par<br \/>\n        <strong><br \/>\n            <a href=\"https:\/\/actu.fr\/auteur\/f-desserre\" title=\"Consulter tous les articles de Fran\u00e7ois Desserre\" rel=\"nofollow noopener\" target=\"_blank\">Fran\u00e7ois Desserre<\/a><br \/>\n        <\/strong><\/p>\n<p>        Publi\u00e9 le<\/p>\n<p>            30 juin 2025 \u00e0 20h42<br \/>\n        ; mis \u00e0 jour le 30 juin 2025 \u00e0 21h23    <\/p>\n<p>Depuis ce lundi 30\u00a0juin 2025, les Yvelines sont en alerte rouge <b>canicule<\/b>. Les temp\u00e9ratures annonc\u00e9es par <a href=\"https:\/\/meteofrance.com\/\" rel=\"nofollow noopener\" target=\"_blank\">M\u00e9t\u00e9o-France<\/a> pour demain, mardi 1er\u00a0juillet, d\u00e9fient le mercure.<\/p>\n<p class=\" wall-content\">Dans ce contexte, le pr\u00e9fet indique avoir r\u00e9uni l\u2019ensemble des maires du d\u00e9partement pour les informer de la situation et de certaines d\u00e9cisions.<\/p>\n<p>Accueil obligatoire ?<\/p>\n<p class=\" wall-content\">La premi\u00e8re, qui risque de chambouler les agendas des familles, est la <b>suspension<\/b> des cours sous conditions. Toutefois, les services de l\u2019\u00c9tat pr\u00e9cisent que l\u2019accueil sera maintenu.<\/p>\n<p class=\" wall-content\">\u00ab\u2009Les parents peuvent garder leurs enfants \u00e0 domicile lorsque cela est possible\u2009\u00bb, insiste la pr\u00e9fecture.<\/p>\n<p class=\" wall-content\">Et de pr\u00e9ciser :<\/p>\n<p>Vid\u00e9os : en ce moment sur Actu<\/p>\n<blockquote class=\"ac-article-quote wall-content\">\n<p>\u00ab\u2009Dans le cas o\u00f9 cela n\u2019est mat\u00e9riellement pas possible compte tenu de la chaleur dans les locaux et l\u2019absence de solution alternative d\u2019accueil, la fermeture pourra \u00eatre d\u00e9cid\u00e9e par le maire ou le pr\u00e9fet apr\u00e8s \u00e9change entre eux et le directeur acad\u00e9mique des services de l\u2019\u00e9ducation nationale (DASEN).\u2009\u00bb<\/p>\n<\/blockquote>\n<p>    <img   decoding=\"async\" loading=\"lazy\" class=\"size-large\" src=\"https:\/\/www.europesays.com\/fr\/wp-content\/uploads\/2025\/06\/9ebc1714e268682cc1714e26846cc1v-727x640.jpg\" alt=\"Captue pr\u00e9fet 78\" width=\"727\" height=\"640\"\/><br \/>\n    Voici le communiqu\u00e9 de presse de la pr\u00e9fecture des Yvelines diffus\u00e9 \u00e0 20H01. \u00a9Pr\u00e9fetcture78Pour les plus fragiles<\/p>\n<p class=\" wall-content\">Pour les plus fragiles, plusieurs actions vont \u00eatre men\u00e9es\u2009:<\/p>\n<ul class=\" wall-content\">\n<li>L\u2019augmentation des maraudes sociales, en lien avec les collectivit\u00e9s et les associations, afin d\u2019identifier et d\u2019accompagner les personnes les plus vuln\u00e9rables, notamment les personnes sans abri ou isol\u00e9es\u2009;<\/li>\n<li>Les communes sont invit\u00e9es \u00e0 faciliter l\u2019approvisionnement en <b>eau potable<\/b> (fontaines, brumisateurs, acc\u00e8s aux \u00e9quipements publics climatis\u00e9s) pour tous les habitants\u2009;<\/li>\n<li>Chaque citoyen est invit\u00e9 \u00e0 prendre soin de ses proches, de ses voisins et \u00e0 signaler toute situation pr\u00e9occupante.<\/li>\n<\/ul>\n<p>Manifestations et grands \u00e9v\u00e9nements<\/p>\n<p class=\" wall-content\">Les grands \u00e9v\u00e9nements et les manifestations sur la place publique pourront \u00eatre restreints ou <b>interdits<\/b> en fonction de la situation locale.<\/p>\n<p>Les feux et barbecues<\/p>\n<p class=\" wall-content\">Qui dit canicule dit risque d\u2019incendies. \u00c0 ce titre, le pr\u00e9fet invite les usages \u00e0 ne pas jeter de m\u00e9got par la fen\u00eatre ou au sol, \u00e0 ne pas allumer de feu ou de barbecue \u00e0 proximit\u00e9 d\u2019espaces naturels. \u00ab\u2009Si les massifs forestiers restent accessibles au public. Il est strictement <b>interdit de fumer<\/b> dans les bois et for\u00eats, y compris sur les sentiers\u2009\u00bb, souligne le communiqu\u00e9 de presse.<\/p>\n<p>Un num\u00e9ro vert est \u00e0 disposition du public, jusqu\u2019\u00e0 la fin de la canicule, de 9h \u00e0 19h\u2009: 0800 06 66 66<\/p>\n<p class=\" wall-content\">Suivez toute l\u2019actualit\u00e9 de vos villes et m\u00e9dias favoris en vous inscrivant \u00e0 <a href=\"https:\/\/moncompte.actu.fr\" title=\"D\u00e9couvez Mon Actu\" rel=\"nofollow noopener\" data-trk=\"{&quot;cta&quot;:{&quot;action&quot;:&quot;https:\\\/\\\/moncompte.actu.fr&quot;,&quot;category&quot;:&quot;mon compte&quot;,&quot;from&quot;:&quot;article footer&quot;,&quot;name&quot;:&quot;Mon actu&quot;,&quot;type&quot;:&quot;cta&quot;}}\" target=\"_blank\">Mon Actu<\/a>.<\/p>\n","protected":false},"excerpt":{"rendered":"Par Fran\u00e7ois Desserre Publi\u00e9 le 30 juin 2025 \u00e0 20h42 ; mis \u00e0 jour le 30 juin 2025&hellip;\n","protected":false},"author":2,"featured_media":216718,"comment_status":"","ping_status":"","sticky":false,"template":"","format":"standard","meta":{"footnotes":""},"categories":[2],"tags":[11,6698,1011,27,2487,12,25],"class_list":{"0":"post-216717","1":"post","2":"type-post","3":"status-publish","4":"format-standard","5":"has-post-thumbnail","7":"category-actualites","8":"tag-actualites","9":"tag-canicule","10":"tag-fr","11":"tag-france","12":"tag-meteo","13":"tag-news","14":"tag-republique-francaise"},"share_on_mastodon":{"url":"https:\/\/pubeurope.com\/@fr\/114774631067463251","error":""},"_links":{"self":[{"href":"https:\/\/www.europesays.com\/fr\/wp-json\/wp\/v2\/posts\/216717","targetHints":{"allow":["GET"]}}],"collection":[{"href":"https:\/\/www.europesays.com\/fr\/wp-json\/wp\/v2\/posts"}],"about":[{"href":"https:\/\/www.europesays.com\/fr\/wp-json\/wp\/v2\/types\/post"}],"author":[{"embeddable":true,"href":"https:\/\/www.europesays.com\/fr\/wp-json\/wp\/v2\/users\/2"}],"replies":[{"embeddable":true,"href":"https:\/\/www.europesays.com\/fr\/wp-json\/wp\/v2\/comments?post=216717"}],"version-history":[{"count":0,"href":"https:\/\/www.europesays.com\/fr\/wp-json\/wp\/v2\/posts\/216717\/revisions"}],"wp:featuredmedia":[{"embeddable":true,"href":"https:\/\/www.europesays.com\/fr\/wp-json\/wp\/v2\/media\/216718"}],"wp:attachment":[{"href":"https:\/\/www.europesays.com\/fr\/wp-json\/wp\/v2\/media?parent=216717"}],"wp:term":[{"taxonomy":"category","embeddable":true,"href":"https:\/\/www.europesays.com\/fr\/wp-json\/wp\/v2\/categories?post=216717"},{"taxonomy":"post_tag","embeddable":true,"href":"https:\/\/www.europesays.com\/fr\/wp-json\/wp\/v2\/tags?post=216717"}],"curies":[{"name":"wp","href":"https:\/\/api.w.org\/{rel}","templated":true}]}}