{"id":216721,"date":"2025-06-30T22:20:07","date_gmt":"2025-06-30T22:20:07","guid":{"rendered":"https:\/\/www.europesays.com\/fr\/216721\/"},"modified":"2025-06-30T22:20:07","modified_gmt":"2025-06-30T22:20:07","slug":"bordeaux-begles-matthieu-jalibert-debut-de-saison-compromis-sud-ouest","status":"publish","type":"post","link":"https:\/\/www.europesays.com\/fr\/216721\/","title":{"rendered":"Bordeaux-B\u00e8gles : Matthieu Jalibert, d\u00e9but de saison compromis &#8211; Sud Ouest"},"content":{"rendered":"<ol>\n<li><a href=\"https:\/\/news.google.com\/rss\/articles\/CBMiwgFBVV95cUxNSnNFbTRXTmc5cVJCZl90MG9xaEtYekFRTnJQSVVLZllQMXNxLTJiZnFSbEJ5aFZTbktnZ0FTUTBMd3Iza3pTeWowNkppNjFQM1dkbXV4TGVIYXBQeHZHWVRVcFNVWFFvOXoyZXRScWx5NG85MXhjdEZGa1puV2VFT0U5TFFSTGhPSlBqLVRtRHN6Z3ZqeHpUV0hSZTVvMnBTcVBQMDMwbHRxYUZqVXRkXzI0X2NCblFQaEFYYUlYZl9VUQ?oc=5\" target=\"_blank\" rel=\"nofollow noopener\">Bordeaux-B\u00e8gles : Matthieu Jalibert, d\u00e9but de saison compromis<\/a>&nbsp;&nbsp;Sud Ouest<\/li>\n<li><a href=\"https:\/\/news.google.com\/rss\/articles\/CBMi3wFBVV95cUxPczN1SlFVYjdUTW5pdm5EeTVfWEE3NEVYWEtEOWhON2FjTHdNYXB3RjIyYVBobWRNSHpoWVRYbXZhempOMURjN3JxX1JnZ3VVM3AxWkp3WmMwcXNXNnFLREh3SFllUFdidUxRSVBuYjNBNU1fSUtyNUpCVWFwRE0wTmVITFRHLVRrOGhPT1d3WlV4cEl0RktwRjBrUmc4ZlZQbEV2NUJrY3JVMnRPTUhWWFBhai1WcTFkaXlOYkdEMldYQzBmN0I2dHlIcUVrd3Y4Q1dsOGNEa0NON3BMQkRv?oc=5\" target=\"_blank\" rel=\"nofollow noopener\">Vid\u00e9o. Finale Top 14. Toulouse &#8211; Bordeaux-B\u00e8gles : revivez l&rsquo;essai sous les poteaux de Matthieu Jalibert<\/a>&nbsp;&nbsp;Rugbyrama<\/li>\n<li><a href=\"https:\/\/news.google.com\/rss\/articles\/CBMi7wFBVV95cUxNdjNtbE10dHpJb3FEcnZiT2tHdzBDWEcxcnBOTVRQMXhta2JxbVhwUTZTMThhUTVNWnY3ZGhJQkJzamNXa2MwSjBxby1SRm4tcFd0WkVmV1FnWGlyTnB5QVBUb1dnWFJPV0tJUVljZnJKN1lXYTJXc0ZjYnMtdDZSajl3VjZ3MmY3aVFCbHA4aDdaU0kwdHRFcmRjLWlOMU9RMU9URGVBQlNhYjktZXVpMmgzSjB6MHc1bXpnOU5lcGVsdjE3cjhpRFJVclZFUWctamktR2VvYUNSdGlGaE4ybTFvaUdRcVlQMkpGYnpOOA?oc=5\" target=\"_blank\" rel=\"nofollow noopener\">\u00ab Ici, il est adul\u00e9. Alors on le d\u00e9fend \u00bb : \u00e0 Bordeaux, les fans de Matthieu Jalibert sans r\u00e9serve derri\u00e8re leur chouchou<\/a>&nbsp;&nbsp;L&rsquo;\u00c9quipe<\/li>\n<li><a href=\"https:\/\/news.google.com\/rss\/articles\/CBMiigJBVV95cUxQRGNqZktWS2VCS3B1QkhQaTVqbnZFYWNNWjZVN0E5b3lDTU9BbjJfNHY5RTJBUEplQkRySl9mQ3BlRDBFT2tZOFprSVU5MHNGNlFBZ2VzdXZDdll5Q25SOUhldlFpTnNGSHEzNk0zZVI0b0hiaDZIQW9LS2o5RmtUZTR5X1RPWmtaNmF4Vmo5ejMwR3JMYkZqSVZCQWxVZlZhRTFFZ2hUbUU1WUY3TE9CU1FjYUdFY0RFbnFDbk1Uajg2UVk0TW00VE5LVm5GWC1lM0lqamNrejEtZFZsck1zTk9HbGxuQXg5bzRGWlI5MVRGdFFnN2Z2YS1fbGl4MFZyMjRJdHg2OXgtdw?oc=5\" target=\"_blank\" rel=\"nofollow noopener\">VIDEO. Finale Stade Toulousain-UBB : \u00ab\u00a0Jalibert, c\u2019est Maradona !\u00a0\u00bb Pourquoi les supporters de Bordeaux sont si fans de leur demi d\u2019ouverture<\/a>&nbsp;&nbsp;ladepeche.fr<\/li>\n<li><a href=\"https:\/\/news.google.com\/rss\/articles\/CBMikgFBVV95cUxNSlFiNGU0S3hOSnZGVkd6UjZGVFNPS2t3M2NnZG52b2lib0RwazNDcTZfZ2Rzek5TdnQ1Y0dvS0JXV1h4N0VDRDY3LUwxXzR2SVplRENKM2RyT2wzTDhXdzdSRWZxNUJhWUxYVXZHRms1Q2NoSl9BMlVVR0RpTTNYcndidE5PMjFnYUhSclh3endjdw?oc=5\" target=\"_blank\" rel=\"nofollow noopener\">Jalibert, vient aplatir sous les perches<\/a>&nbsp;&nbsp;CANAL+<\/li>\n<\/ol>\n","protected":false},"excerpt":{"rendered":"Bordeaux-B\u00e8gles : Matthieu Jalibert, d\u00e9but de saison compromis&nbsp;&nbsp;Sud Ouest Vid\u00e9o. Finale Top 14. Toulouse &#8211; Bordeaux-B\u00e8gles : revivez&hellip;\n","protected":false},"author":2,"featured_media":216722,"comment_status":"","ping_status":"","sticky":false,"template":"","format":"standard","meta":{"footnotes":""},"categories":[1416],"tags":[1011,27,479,1468,60],"class_list":{"0":"post-216721","1":"post","2":"type-post","3":"status-publish","4":"format-standard","5":"has-post-thumbnail","7":"category-rugby","8":"tag-fr","9":"tag-france","10":"tag-rugby","11":"tag-rugby-football","12":"tag-sports"},"share_on_mastodon":{"url":"","error":""},"_links":{"self":[{"href":"https:\/\/www.europesays.com\/fr\/wp-json\/wp\/v2\/posts\/216721","targetHints":{"allow":["GET"]}}],"collection":[{"href":"https:\/\/www.europesays.com\/fr\/wp-json\/wp\/v2\/posts"}],"about":[{"href":"https:\/\/www.europesays.com\/fr\/wp-json\/wp\/v2\/types\/post"}],"author":[{"embeddable":true,"href":"https:\/\/www.europesays.com\/fr\/wp-json\/wp\/v2\/users\/2"}],"replies":[{"embeddable":true,"href":"https:\/\/www.europesays.com\/fr\/wp-json\/wp\/v2\/comments?post=216721"}],"version-history":[{"count":0,"href":"https:\/\/www.europesays.com\/fr\/wp-json\/wp\/v2\/posts\/216721\/revisions"}],"wp:featuredmedia":[{"embeddable":true,"href":"https:\/\/www.europesays.com\/fr\/wp-json\/wp\/v2\/media\/216722"}],"wp:attachment":[{"href":"https:\/\/www.europesays.com\/fr\/wp-json\/wp\/v2\/media?parent=216721"}],"wp:term":[{"taxonomy":"category","embeddable":true,"href":"https:\/\/www.europesays.com\/fr\/wp-json\/wp\/v2\/categories?post=216721"},{"taxonomy":"post_tag","embeddable":true,"href":"https:\/\/www.europesays.com\/fr\/wp-json\/wp\/v2\/tags?post=216721"}],"curies":[{"name":"wp","href":"https:\/\/api.w.org\/{rel}","templated":true}]}}