{"id":216727,"date":"2025-06-30T22:23:11","date_gmt":"2025-06-30T22:23:11","guid":{"rendered":"https:\/\/www.europesays.com\/fr\/216727\/"},"modified":"2025-06-30T22:23:11","modified_gmt":"2025-06-30T22:23:11","slug":"trois-pilotes-yamaha-impliques-dans-lincident-du-depart-a-assen","status":"publish","type":"post","link":"https:\/\/www.europesays.com\/fr\/216727\/","title":{"rendered":"Trois pilotes Yamaha impliqu\u00e9s dans l&rsquo;incident du d\u00e9part \u00e0 Assen"},"content":{"rendered":"<p>Un incident dans le premier tour a impliqu\u00e9 trois des quatre pilotes Yamaha, et entra\u00een\u00e9 l&rsquo;abandon de <a href=\"https:\/\/fr.motorsport.com\/driver\/miguel-oliveira\/109382\/\" target=\"_blank\" rel=\"noopener\">Miguel Oliveira<\/a> mais aussi d&rsquo;<a href=\"https:\/\/fr.motorsport.com\/driver\/ai-ogura\/471489\/\" target=\"_blank\" rel=\"noopener\">Ai Ogura<\/a> dans le clan Aprilia. Des man\u0153uvres en cascade ont finalement eu une influence sur les pilotes qui s&rsquo;\u00e9lan\u00e7aient en fond de grille.<\/p>\n<p>\u00ab\u00a0J&rsquo;ai encore pris un bon d\u00e9part, j&rsquo;ai imm\u00e9diatement gagn\u00e9 trois places et tout se passait bien\u00a0\u00bb, a expliqu\u00e9 Oliveira. \u00ab\u00a0Mais au virage 5, Zarco a plong\u00e9 \u00e0 l&rsquo;int\u00e9rieur, juste derri\u00e8re deux pilotes.\u00a0\u00bb<\/p>\n<p>\u00ab\u00a0Jack a d\u00fb freiner et quand Jack a frein\u00e9, j&rsquo;ai mis les gaz\u00a0\u00bb, a pr\u00e9cis\u00e9 le pilote Pramac. \u00ab\u00a0J&rsquo;ai percut\u00e9 sa roue arri\u00e8re et j&rsquo;ai presque \u00e9t\u00e9 envoy\u00e9 de l&rsquo;autre c\u00f4t\u00e9 mais heureusement, Ogura \u00e9tait l\u00e0, il m&rsquo;a &lsquo;retenu&rsquo; donc je ne suis pas tomb\u00e9, lui oui, et j&rsquo;ai repris la course.\u00a0\u00bb<\/p>\n<p>Le seul contact a \u00e9t\u00e9 entre Oliveira et Ogura. <a href=\"https:\/\/fr.motorsport.com\/driver\/jack-miller\/96423\/\" target=\"_blank\" rel=\"noopener\">Jack Miller<\/a> a pu continuer sans \u00eatre ralenti mais <a href=\"https:\/\/fr.motorsport.com\/driver\/alex-rins\/109402\/\" target=\"_blank\" rel=\"noopener\">\u00c1lex Rins<\/a>, qui \u00e9tait derri\u00e8re ces pilotes, a d\u00fb passer dans les graviers pour les \u00e9viter. La course d&rsquo;Ogura s&rsquo;est quant \u00e0 elle arr\u00eat\u00e9e l\u00e0.\u00a0\u00ab\u00a0J&rsquo;\u00e9tais \u00e0 l&rsquo;ext\u00e9rieur, donc je ne pouvais pas \u00e9viter les pilotes qui se sont accroch\u00e9s\u00a0\u00bb, a expliqu\u00e9 le pilote Trackhouse. \u00ab\u00a0C&rsquo;est dommage que notre week-end se termine comme \u00e7a mais \u00e7a arrive.\u00a0\u00bb<\/p>\n<p><img decoding=\"async\" class=\"sizer\" draggable=\"false\" src=\"data:image\/png;base64,iVBORw0KGgoAAAANSUhEUgAAABAAAAAJCAYAAAA7KqwyAAAAGXRFWHRTb2Z0d2FyZQBBZG9iZSBJbWFnZVJlYWR5ccllPAAAABpJREFUeNpi\/P\/\/PwMlgImBQjBqwLAwACDAAOVfAw9\/ZDvcAAAAAElFTkSuQmCC\" alt=\"\" loading=\"lazy\"\/><\/p>\n<p class=\"title\">VID\u00c9O &#8211; R\u00c9SUM\u00c9 : Les meilleurs moments du GP des Pays-Bas<\/p>\n<p>Oliveira a pu repartir mais les d\u00e9g\u00e2ts \u00e9taient importants sur la Yamaha, et il a fini par rentrer \u00e0 son garage pour abandonner\u00a0: \u00ab\u00a0Le car\u00e9nage \u00e9tait cass\u00e9 \u00e0 l&rsquo;avant. Il n&rsquo;y avait plus de bulle, le guidon \u00e9tait tordu, donc j&rsquo;ai essay\u00e9 de continuer, de m&rsquo;arr\u00eater et de changer le car\u00e9nage, mais j&rsquo;ai vu les trois chutes et je me suis dit &lsquo;Peut-\u00eatre qu&rsquo;il y aura un drapeau rouge et que je pourrai repartir&rsquo;.\u00a0\u00bb<\/p>\n<p>\u00ab\u00a0C&rsquo;est dommage, je ne pouvais pas continuer, surtout avec le c\u00f4t\u00e9 droit du guidon tordu. C&rsquo;est vraiment dommage parce que je sentais que \u00e7a aurait pu \u00eatre une course avec beaucoup de points, probablement dans le top 10, mais on ne le saura jamais. On a fini le week-end sans aucun point.\u00a0\u00bb<\/p>\n<p>Mir a des douleurs apr\u00e8s la chute avec Aldeguer<\/p>\n<p>La course a ensuite \u00e9t\u00e9 marqu\u00e9e par plusieurs grosses chutes, notamment celle d&rsquo;Alex M\u00e1rquez, qui s&rsquo;est <a href=\"https:\/\/fr.motorsport.com\/motogp\/news\/alex-marquez-fracture-main-assen\/10737589\/\" target=\"_blank\" rel=\"noopener\">fractur\u00e9 un os de la main<\/a> et a d\u00fb \u00eatre op\u00e9r\u00e9 dans la soir\u00e9e. Son co\u00e9quipier, <a href=\"https:\/\/fr.motorsport.com\/driver\/fermin-aldeguer\/945314\/\" target=\"_blank\" rel=\"noopener\">Ferm\u00edn Aldeguer<\/a>, a fait un gros highside et <a href=\"https:\/\/fr.motorsport.com\/driver\/joan-mir\/289392\/\" target=\"_blank\" rel=\"noopener\">Joan Mir<\/a> n&rsquo;a pas pu \u00e9viter sa moto, tandis que <a href=\"https:\/\/fr.motorsport.com\/driver\/fabio-quartararo\/109400\/\" target=\"_blank\" rel=\"noopener\">Fabio Quartararo<\/a> a d\u00fb passer dans les graviers.<\/p>\n<p>\u00ab\u00a0Avant tout, je suis heureux que Ferm\u00edn aille bien parce qu&rsquo;il a eu une grosse chute et c&rsquo;est compliqu\u00e9 quand on tombe comme \u00e7a en piste\u00a0\u00bb, a soulign\u00e9 Mir. \u00ab\u00a0Je ne pouvais rien faire pour \u00e9viter la chute, malheureusement. C&rsquo;\u00e9tait aussi un gros choc pour moi, j&rsquo;ai pas mal de douleurs donc je vais rentrer chez moi et surveiller mon \u00e9tat dans les prochains jours.\u00a0\u00bb<\/p>\n<p>\u00a0<\/p>\n<p>Aldeguer ne s&rsquo;est pas exprim\u00e9 apr\u00e8s la chute mais Gresini a confirm\u00e9 qu&rsquo;il ne souffrait d&rsquo;aucune blessure, m\u00eame s&rsquo;il \u00e9tait \u00ab\u00a0tr\u00e8s naus\u00e9eux\u00a0\u00bb. Il a lui-m\u00eame indiqu\u00e9 sur Instagram que sa chute n&rsquo;avait \u00ab\u00a0pas de cons\u00e9quence majeure\u00a0\u00bb physiquement.<\/p>\n<p>Lire aussi :<\/p>\n<\/p>\n<p>Dans cet article<\/p>\n<p>    Vincent Lalanne-Sicaud\n<\/p>\n<p>    MotoGP\n<\/p>\n<p>    Miguel Oliveira\n<\/p>\n<p>    Joan Mir\n<\/p>\n<p>    Ai Ogura\n<\/p>\n<p>    Ferm\u00edn Aldeguer\n<\/p>\n<p>    Honda HRC\n<\/p>\n<p>    Pramac Racing\n<\/p>\n<p>    Gresini Racing\n<\/p>\n<p>    Trackhouse Racing\n<\/p>\n<p>Soyez le premier inform\u00e9 et souscrivez aux alertes mails pour recevoir les infos en temps r\u00e9el<\/p>\n<p>    S&rsquo;abonner aux alertes de news<\/p>\n","protected":false},"excerpt":{"rendered":"Un incident dans le premier tour a impliqu\u00e9 trois des quatre pilotes Yamaha, et entra\u00een\u00e9 l&rsquo;abandon de Miguel&hellip;\n","protected":false},"author":2,"featured_media":216728,"comment_status":"","ping_status":"","sticky":false,"template":"","format":"standard","meta":{"footnotes":""},"categories":[1413],"tags":[3378,33819,3453,1011,27,33818,3452,3345,3346,3594,1457,1456,1458,3593,60,3375],"class_list":{"0":"post-216727","1":"post","2":"type-post","3":"status-publish","4":"format-standard","5":"has-post-thumbnail","7":"category-moto","8":"tag-ai-ogura","9":"tag-assen","10":"tag-fermu00edn-aldeguer","11":"tag-fr","12":"tag-france","13":"tag-gp-des-pays-bas","14":"tag-gresini-racing","15":"tag-honda-hrc","16":"tag-joan-mir","17":"tag-miguel-oliveira","18":"tag-moto","19":"tag-motocycle","20":"tag-motogp","21":"tag-pramac-racing","22":"tag-sports","23":"tag-trackhouse-racing"},"share_on_mastodon":{"url":"https:\/\/pubeurope.com\/@fr\/114774658636616794","error":""},"_links":{"self":[{"href":"https:\/\/www.europesays.com\/fr\/wp-json\/wp\/v2\/posts\/216727","targetHints":{"allow":["GET"]}}],"collection":[{"href":"https:\/\/www.europesays.com\/fr\/wp-json\/wp\/v2\/posts"}],"about":[{"href":"https:\/\/www.europesays.com\/fr\/wp-json\/wp\/v2\/types\/post"}],"author":[{"embeddable":true,"href":"https:\/\/www.europesays.com\/fr\/wp-json\/wp\/v2\/users\/2"}],"replies":[{"embeddable":true,"href":"https:\/\/www.europesays.com\/fr\/wp-json\/wp\/v2\/comments?post=216727"}],"version-history":[{"count":0,"href":"https:\/\/www.europesays.com\/fr\/wp-json\/wp\/v2\/posts\/216727\/revisions"}],"wp:featuredmedia":[{"embeddable":true,"href":"https:\/\/www.europesays.com\/fr\/wp-json\/wp\/v2\/media\/216728"}],"wp:attachment":[{"href":"https:\/\/www.europesays.com\/fr\/wp-json\/wp\/v2\/media?parent=216727"}],"wp:term":[{"taxonomy":"category","embeddable":true,"href":"https:\/\/www.europesays.com\/fr\/wp-json\/wp\/v2\/categories?post=216727"},{"taxonomy":"post_tag","embeddable":true,"href":"https:\/\/www.europesays.com\/fr\/wp-json\/wp\/v2\/tags?post=216727"}],"curies":[{"name":"wp","href":"https:\/\/api.w.org\/{rel}","templated":true}]}}