{"id":216731,"date":"2025-06-30T22:25:11","date_gmt":"2025-06-30T22:25:11","guid":{"rendered":"https:\/\/www.europesays.com\/fr\/216731\/"},"modified":"2025-06-30T22:25:11","modified_gmt":"2025-06-30T22:25:11","slug":"loppose-de-2024-et-un-plan-respecte-a-la-lettre-pourquoi-vingegaard-pense-toujours-pouvoir-battre-pogacar-sur-le-tour-de-france-2025","status":"publish","type":"post","link":"https:\/\/www.europesays.com\/fr\/216731\/","title":{"rendered":"L&rsquo;oppos\u00e9 de 2024 et un plan respect\u00e9 \u00e0 la lettre\u00a0: pourquoi Vingegaard pense toujours pouvoir battre Pogacar sur le Tour de France 2025"},"content":{"rendered":"<p>Plus fort qu&rsquo;en 2024<\/p>\n<p class=\"ap-StoryElement ap-StoryElement--mb ap-StoryText\">Avec quel effet ? Il faudra attendre le dimanche 27 juillet sur les Champs-\u00c9lys\u00e9es pour savoir si sa recette \u00e9tait la bonne. Mais certains indices sont apparus, ces derni\u00e8res semaines. <a href=\"https:\/\/www.dhnet.be\/sports\/cyclisme\/tour-de-france\/2025\/05\/19\/tour-de-france-je-peux-le-battre-jonas-vingegaard-confiant-a-quelques-semaines-de-son-duel-attendu-face-a-tadej-pogacar-DWGTYOIWJJDW7PCLYUJKE5LZ2A\/\" target=\"_blank\" rel=\"noopener\">Sous la forme de d\u00e9clarations pleines de confiance et de foi <\/a>(\u00ab\u00a0mes donn\u00e9es sont bonnes, je suis plus fort que l&rsquo;an dernier et je pense pouvoir battre Pogacar\u00a0\u00bb) \u00e0 la fin du mois de mai. Puis sous forme de r\u00e9sultats, sur le Dauphin\u00e9, avec du bon (28 secondes de mieux que son rival slov\u00e8ne sur le chrono de 17 km, le 11 juin) et du moins bon (1 minute 15 de perdues sur les trois \u00e9tapes de montagne, sans donner r\u00e9ellement l&rsquo;impression de pouvoir rivaliser).<\/p>\n<blockquote class=\"ap-StoryQuote ap-StoryQuote--pullquote\"><p>guillement<\/p>\n<p class=\"ap-StoryQuote-text\">Tadej a l&rsquo;air vraiment fort, mais je me concentre sur moi-m\u00eame.<\/p>\n<\/blockquote>\n<p class=\"ap-StoryElement ap-StoryElement--mb ap-StoryText\">Si beaucoup ont (logiquement) qualifi\u00e9 Pogacar de grandissime favori apr\u00e8s sa victoire sur la r\u00e9p\u00e9tition habituelle de la Grande Boucle qu&rsquo;est le Dauphin\u00e9, Jonas Vingegaard ne fait pas partie des pessimistes. Il est loin d&rsquo;avoir baiss\u00e9 pavillon. \u00ab\u00a0Tadej a l&rsquo;air vraiment fort et c&rsquo;est difficile de voir une faiblesse chez lui mais nous continuons \u00e0 nous concentrer sur nous-m\u00eame. J&rsquo;esp\u00e8re franchir une marche de plus avant le Tour, a pr\u00e9cis\u00e9 le Danois au moment de faire le bilan de sa forme, \u00e0 trois semaines de la Grand-messe de juillet. Avant le d\u00e9part \u00e0 Lille, je dois encore travailler un peu tout, notamment l&rsquo;acc\u00e9l\u00e9ration et les ascensions plus longues\u00a0\u00bb. Une derni\u00e8re couche de travail de vingt jours, \u00e0 Tignes, indispensable pour aller chercher les derniers pourcentages de forme.<\/p>\n<p>Fid\u00e8le au plan<\/p>\n<p class=\"ap-StoryElement ap-StoryElement--mb ap-StoryText\">Certains estiment d&rsquo;ailleurs que tout est calcul\u00e9 et que la Visma | Lease a bike, sans sp\u00e9cifiquement jouer la carte du bluff, a \u00ab\u00a0un plan.\u00a0\u00bb Derri\u00e8re ce mot que la formation n\u00e9erlandaise adore se cache un programme millim\u00e9tr\u00e9 qui devra permettre \u00e0 Vingegaard, vainqueur du Tour en 2022 et 2023, d&rsquo;\u00eatre \u00e0 son sommet absolu durant la troisi\u00e8me semaine de la Grande Boucle, l\u00e0 o\u00f9 tout va se jouer, en montagne. Tout l&rsquo;inverse de l&rsquo;ann\u00e9e derni\u00e8re, o\u00f9 le Danois avait craqu\u00e9 par manque de pr\u00e9paration suite \u00e0 sa chute au Tour du Pays basque. Reste \u00e0 savoir si \u00e7a sera suffisant pour venir \u00e0 bout de l&rsquo;extraterrestre Pogacar. Et de passer de l&rsquo;ombre \u00e0 la lumi\u00e8re\u2026<\/p>\n<p><a href=\"https:\/\/www.dhnet.be\/sports\/cyclisme\/courses-par-etapes\/2025\/06\/15\/remco-evenepoel-reconnait-la-suprematie-de-pogacar-et-vingegaard-parfois-cela-vous-decourage-MFXHUKULPRAETFQOEM4TFADG5I\/\" target=\"_blank\" rel=\"noopener noreferrer\" class=\"ap-StoryInterstitialLink ap-StoryElement ap-StoryElement--mb\">Remco Evenepoel reconna\u00eet la supr\u00e9matie de Pogacar et Vingegaard: \u00ab\u00a0Parfois, cela me d\u00e9courage de les voir attaquer \u00e0 fond\u00a0\u00bb<\/a><\/p>\n","protected":false},"excerpt":{"rendered":"Plus fort qu&rsquo;en 2024 Avec quel effet ? Il faudra attendre le dimanche 27 juillet sur les Champs-\u00c9lys\u00e9es&hellip;\n","protected":false},"author":2,"featured_media":216732,"comment_status":"","ping_status":"","sticky":false,"template":"","format":"standard","meta":{"footnotes":""},"categories":[1411],"tags":[24803,1154,207,1011,27,27884,24772,60,1138],"class_list":{"0":"post-216731","1":"post","2":"type-post","3":"status-publish","4":"format-standard","5":"has-post-thumbnail","7":"category-cyclisme","8":"tag-criterium-du-dauphine","9":"tag-cycling","10":"tag-cyclisme","11":"tag-fr","12":"tag-france","13":"tag-jonas-vingegaard","14":"tag-paris-nice","15":"tag-sports","16":"tag-tadej-pogacar"},"share_on_mastodon":{"url":"https:\/\/pubeurope.com\/@fr\/114774667161361282","error":""},"_links":{"self":[{"href":"https:\/\/www.europesays.com\/fr\/wp-json\/wp\/v2\/posts\/216731","targetHints":{"allow":["GET"]}}],"collection":[{"href":"https:\/\/www.europesays.com\/fr\/wp-json\/wp\/v2\/posts"}],"about":[{"href":"https:\/\/www.europesays.com\/fr\/wp-json\/wp\/v2\/types\/post"}],"author":[{"embeddable":true,"href":"https:\/\/www.europesays.com\/fr\/wp-json\/wp\/v2\/users\/2"}],"replies":[{"embeddable":true,"href":"https:\/\/www.europesays.com\/fr\/wp-json\/wp\/v2\/comments?post=216731"}],"version-history":[{"count":0,"href":"https:\/\/www.europesays.com\/fr\/wp-json\/wp\/v2\/posts\/216731\/revisions"}],"wp:featuredmedia":[{"embeddable":true,"href":"https:\/\/www.europesays.com\/fr\/wp-json\/wp\/v2\/media\/216732"}],"wp:attachment":[{"href":"https:\/\/www.europesays.com\/fr\/wp-json\/wp\/v2\/media?parent=216731"}],"wp:term":[{"taxonomy":"category","embeddable":true,"href":"https:\/\/www.europesays.com\/fr\/wp-json\/wp\/v2\/categories?post=216731"},{"taxonomy":"post_tag","embeddable":true,"href":"https:\/\/www.europesays.com\/fr\/wp-json\/wp\/v2\/tags?post=216731"}],"curies":[{"name":"wp","href":"https:\/\/api.w.org\/{rel}","templated":true}]}}