{"id":216733,"date":"2025-06-30T22:26:12","date_gmt":"2025-06-30T22:26:12","guid":{"rendered":"https:\/\/www.europesays.com\/fr\/216733\/"},"modified":"2025-06-30T22:26:12","modified_gmt":"2025-06-30T22:26:12","slug":"le-talk-mercato-girondins-une-equipe-a-batir-pour-monter-en-n1-jeremy-grain-invite","status":"publish","type":"post","link":"https:\/\/www.europesays.com\/fr\/216733\/","title":{"rendered":"Le Talk : mercato Girondins, une \u00e9quipe \u00e0 b\u00e2tir pour monter en N1, J\u00e9r\u00e9my Grain invit\u00e9"},"content":{"rendered":"<p><img decoding=\"async\" src=\"https:\/\/www.europesays.com\/fr\/wp-content\/uploads\/2025\/04\/671_89132610973d8a7e10af26016efd81f3.jpg\" alt=\"Le Talk : mercato Girondins, une \u00e9quipe \u00e0 b\u00e2tir pour monter en N1, J\u00e9r\u00e9my Grain invit\u00e9\" class=\"img-responsive mt-3\"\/><\/p>\n<p class=\"text-center mb-3\" style=\"font-size: 14px\">\u00a9 Iconsport<\/p>\n<p>Cette \u00e9mission est plac\u00e9e sous le signe du d\u00e9bat, de l&rsquo;information et de l&rsquo;analyse.<\/p>\n<p>Vid\u00e9o \u00e0 suivre sur la <a href=\"https:\/\/www.youtube.com\/watch?v=S4-XbxxThT4\" target=\"_blank\" rel=\"noopener\">cha\u00eene YouTube de WebGirondins<\/a> :<\/p>\n<p>Ce navigateur ne supporte pas les iframes<\/p>\n<p>Cette \u00e9mission est plac\u00e9e sous le signe du d\u00e9bat, de l&rsquo;information et de l&rsquo;analyse.<\/p>\n<p class=\"p1\">Ils sont pr\u00e9sents : le journaliste Samuel Vaslin, les supporters et chroniqueurs Jonathan d&rsquo;Agostino, Djino Fort\u00e9, et Conan pour le chat avec Nicolas Pietrelli \u00e0 la pr\u00e9sentation. <\/p>\n<p>\u00c9mission r\u00e9alis\u00e9e avec le <a href=\"https:\/\/fr.tipeee.com\/webgirondins\" target=\"_blank\" rel=\"noopener\">soutien des socios<\/a>.<\/p>\n<p class=\"p1\">Le programme :<\/p>\n<p class=\"p1\"><img decoding=\"async\" src=\"https:\/\/www.europesays.com\/fr\/wp-content\/uploads\/2025\/06\/INFOGRAPHIES E\u0301MISSIONS (15).jpg\" alt=\"INFOGRAPHIES E\u0301MISSIONS (15).jpg (117 KB)\" style=\"width:700px;max-width:100%;\"\/><\/p>\n<p class=\"p1\">\u00a0<\/p>\n","protected":false},"excerpt":{"rendered":"\u00a9 Iconsport Cette \u00e9mission est plac\u00e9e sous le signe du d\u00e9bat, de l&rsquo;information et de l&rsquo;analyse. Vid\u00e9o \u00e0&hellip;\n","protected":false},"author":2,"featured_media":10861,"comment_status":"","ping_status":"","sticky":false,"template":"","format":"standard","meta":{"footnotes":""},"categories":[1410],"tags":[3396,35606,1997,22484,9424,12708,2263,63,1011,27,1987,31594,5239,508,31593,1441,1434,11263,3238,3946,471,35607,3242,60,5237,5234,5238],"class_list":{"0":"post-216733","1":"post","2":"type-post","3":"status-publish","4":"format-standard","5":"has-post-thumbnail","7":"category-football","8":"tag-avec","9":"tag-batir","10":"tag-bordeaux","11":"tag-chauray","12":"tag-derniere","13":"tag-engage","14":"tag-equipe","15":"tag-football","16":"tag-fr","17":"tag-france","18":"tag-girondins","19":"tag-grain","20":"tag-gros","21":"tag-invite","22":"tag-jeremy","23":"tag-joueur","24":"tag-mercato","25":"tag-monter","26":"tag-national","27":"tag-nous","28":"tag-pour","29":"tag-recevons","30":"tag-saison","31":"tag-sports","32":"tag-suivez","33":"tag-talk","34":"tag-webgirondins"},"share_on_mastodon":{"url":"https:\/\/pubeurope.com\/@fr\/114774670329473144","error":""},"_links":{"self":[{"href":"https:\/\/www.europesays.com\/fr\/wp-json\/wp\/v2\/posts\/216733","targetHints":{"allow":["GET"]}}],"collection":[{"href":"https:\/\/www.europesays.com\/fr\/wp-json\/wp\/v2\/posts"}],"about":[{"href":"https:\/\/www.europesays.com\/fr\/wp-json\/wp\/v2\/types\/post"}],"author":[{"embeddable":true,"href":"https:\/\/www.europesays.com\/fr\/wp-json\/wp\/v2\/users\/2"}],"replies":[{"embeddable":true,"href":"https:\/\/www.europesays.com\/fr\/wp-json\/wp\/v2\/comments?post=216733"}],"version-history":[{"count":0,"href":"https:\/\/www.europesays.com\/fr\/wp-json\/wp\/v2\/posts\/216733\/revisions"}],"wp:featuredmedia":[{"embeddable":true,"href":"https:\/\/www.europesays.com\/fr\/wp-json\/wp\/v2\/media\/10861"}],"wp:attachment":[{"href":"https:\/\/www.europesays.com\/fr\/wp-json\/wp\/v2\/media?parent=216733"}],"wp:term":[{"taxonomy":"category","embeddable":true,"href":"https:\/\/www.europesays.com\/fr\/wp-json\/wp\/v2\/categories?post=216733"},{"taxonomy":"post_tag","embeddable":true,"href":"https:\/\/www.europesays.com\/fr\/wp-json\/wp\/v2\/tags?post=216733"}],"curies":[{"name":"wp","href":"https:\/\/api.w.org\/{rel}","templated":true}]}}