{"id":216734,"date":"2025-06-30T22:27:13","date_gmt":"2025-06-30T22:27:13","guid":{"rendered":"https:\/\/www.europesays.com\/fr\/216734\/"},"modified":"2025-06-30T22:27:13","modified_gmt":"2025-06-30T22:27:13","slug":"le-prince-harry-evoque-le-harcelement-subi-par-meghan-markle-ma-femme-etait-la-personne-la-plus-trollee-au-monde","status":"publish","type":"post","link":"https:\/\/www.europesays.com\/fr\/216734\/","title":{"rendered":"Le prince Harry \u00e9voque le harc\u00e8lement subi par Meghan Markle\u00a0: \u00ab\u00a0Ma femme \u00e9tait la personne la plus troll\u00e9e au monde\u00a0\u00bb"},"content":{"rendered":"<p class=\"ap-StoryElement ap-StoryElement--mb ap-StoryText\">Vendredi, le prince Harry \u00e9tait \u00e0 New York pour prendre part \u00e0 une conf\u00e9rence, aux c\u00f4t\u00e9s de Rachel Gerrol, cofondatrice et PDG de l&rsquo;organisme sp\u00e9cialis\u00e9e en gestion de la performance des actifs. La conf\u00e9rence, qui s&rsquo;est d\u00e9roul\u00e9e au Nexus Global Summit, abordait la question du harc\u00e8lement en ligne.<\/p>\n<p class=\"ap-StoryElement ap-StoryElement--mb ap-StoryText\">Il s&rsquo;agit \u00e9videmment d&rsquo;une lutte qui tient \u00e0 c\u0153ur au duc de Sussex, puisqu&rsquo;il lutte contre ce type de violence avec sa fondation Archewell, comme le rappelle Gala. Il a d&rsquo;ailleurs expliqu\u00e9 comme cette organisation est n\u00e9e. \u00ab\u00a0Ce n&rsquo;\u00e9tait pas quelque chose de sexy ou qui nous passionnait particuli\u00e8rement\u00a0\u00bb, a-t-il confi\u00e9. \u00ab\u00a0Mais il nous est apparu tr\u00e8s vite, en parlant \u00e0 de nombreux experts, que malgr\u00e9 tout le travail que nous faisons collectivement et tous les progr\u00e8s que nous r\u00e9alisons, si le monde num\u00e9rique n&rsquo;est pas g\u00e9r\u00e9 de mani\u00e8re responsable, il va faire reculer ces progr\u00e8s.\u00a0\u00bb<\/p>\n","protected":false},"excerpt":{"rendered":"Vendredi, le prince Harry \u00e9tait \u00e0 New York pour prendre part \u00e0 une conf\u00e9rence, aux c\u00f4t\u00e9s de Rachel&hellip;\n","protected":false},"author":2,"featured_media":216735,"comment_status":"","ping_status":"","sticky":false,"template":"","format":"standard","meta":{"footnotes":""},"categories":[1359],"tags":[58,59,1011,27,3668,310,908,973,267,35609,25724,35608],"class_list":{"0":"post-216734","1":"post","2":"type-post","3":"status-publish","4":"format-standard","5":"has-post-thumbnail","7":"category-people","8":"tag-divertissement","9":"tag-entertainment","10":"tag-fr","11":"tag-france","12":"tag-harcelement","13":"tag-internet","14":"tag-meghan-markle","15":"tag-people","16":"tag-prince-harry","17":"tag-suicidaire","18":"tag-sussex","19":"tag-trollee"},"share_on_mastodon":{"url":"","error":""},"_links":{"self":[{"href":"https:\/\/www.europesays.com\/fr\/wp-json\/wp\/v2\/posts\/216734","targetHints":{"allow":["GET"]}}],"collection":[{"href":"https:\/\/www.europesays.com\/fr\/wp-json\/wp\/v2\/posts"}],"about":[{"href":"https:\/\/www.europesays.com\/fr\/wp-json\/wp\/v2\/types\/post"}],"author":[{"embeddable":true,"href":"https:\/\/www.europesays.com\/fr\/wp-json\/wp\/v2\/users\/2"}],"replies":[{"embeddable":true,"href":"https:\/\/www.europesays.com\/fr\/wp-json\/wp\/v2\/comments?post=216734"}],"version-history":[{"count":0,"href":"https:\/\/www.europesays.com\/fr\/wp-json\/wp\/v2\/posts\/216734\/revisions"}],"wp:featuredmedia":[{"embeddable":true,"href":"https:\/\/www.europesays.com\/fr\/wp-json\/wp\/v2\/media\/216735"}],"wp:attachment":[{"href":"https:\/\/www.europesays.com\/fr\/wp-json\/wp\/v2\/media?parent=216734"}],"wp:term":[{"taxonomy":"category","embeddable":true,"href":"https:\/\/www.europesays.com\/fr\/wp-json\/wp\/v2\/categories?post=216734"},{"taxonomy":"post_tag","embeddable":true,"href":"https:\/\/www.europesays.com\/fr\/wp-json\/wp\/v2\/tags?post=216734"}],"curies":[{"name":"wp","href":"https:\/\/api.w.org\/{rel}","templated":true}]}}