{"id":216738,"date":"2025-06-30T22:29:09","date_gmt":"2025-06-30T22:29:09","guid":{"rendered":"https:\/\/www.europesays.com\/fr\/216738\/"},"modified":"2025-06-30T22:29:09","modified_gmt":"2025-06-30T22:29:09","slug":"les-editions-les-classiques-ivoiriens-sinstallent-a-bouake","status":"publish","type":"post","link":"https:\/\/www.europesays.com\/fr\/216738\/","title":{"rendered":"Les \u00e9ditions : Les Classiques ivoiriens s\u2019installent \u00e0 Bouak\u00e9"},"content":{"rendered":"<p>\n                L&rsquo;ouverture de l&rsquo;agence de Bouak\u00e9 va faire voyager le livre vers les lecteurs.\n            <\/p>\n<p>La maison d&rsquo;\u00e9dition d\u00e9nomm\u00e9e \u00ab\u00a0Les Classiques ivoiriens\u00a0\u00bb, d\u00e9sireuse de fournir en temps r\u00e9el les manuels scolaires et ouvrages de litt\u00e9rature \u00e0 ses lecteurs et \u00e0 la population en g\u00e9n\u00e9ral, a d\u00e9cid\u00e9 de se rapprocher d\u2019eux en s\u2019installant dans la capitale de la r\u00e9gion de Gb\u00eak\u00ea.<br \/>\n        En effet, l\u2019agence de Bouak\u00e9, situ\u00e9e sur la route de Katiola, a \u00e9t\u00e9 officiellement inaugur\u00e9e le jeudi 26 juin 2025, en pr\u00e9sence des autorit\u00e9s municipales et de plusieurs invit\u00e9s issus de divers secteurs d\u2019activit\u00e9s.<\/p>\n<p>Dramane Boar\u00e9, directeur g\u00e9n\u00e9ral de la maison d\u2019\u00e9dition, a dit que le choix de la ville de Bouak\u00e9 s\u2019explique par sa position g\u00e9ographique. \u00ab Bouak\u00e9, c\u2019est le centre de la C\u00f4te d\u2019Ivoire. C\u2019est une ville carrefour importante, d\u2019o\u00f9 nous pouvons facilement desservir d\u2019autres localit\u00e9s du centre, du nord, du nord-est, du nord-ouest, du centre-ouest, du centre-est, et m\u00eame les pays de l\u2019hinterland \u00bb, a-t-il fait savoir, tout en soulignant que Bouak\u00e9 est une grande ville commerciale qui m\u00e9rite la pr\u00e9sence d\u2019une maison d\u2019\u00e9dition.<\/p>\n<p>Concernant les caract\u00e9ristiques de cette agence install\u00e9e dans des locaux ultra-modernes, le directeur a r\u00e9v\u00e9l\u00e9 qu\u2019elle a \u00e9t\u00e9 b\u00e2tie sur une superficie de 1 200 m\u00b2. \u00ab Elle comprend un b\u00e2timent central avec cinq bureaux, une salle d\u2019accueil, une salle de conf\u00e9rence multim\u00e9dia pouvant accueillir une cinquantaine de personnes, une biblioth\u00e8que d\u00e9di\u00e9e aux enseignants et aux amoureux de la lecture, ainsi qu\u2019un entrep\u00f4t \u00bb, a-t-il pr\u00e9cis\u00e9.<\/p>\n<p>Il a \u00e9galement ajout\u00e9 que l\u2019agence offre les principaux services administratifs tels qu\u2019un service comptabilit\u00e9, un service commercial, une charg\u00e9e de vente, un service d\u2019accueil et un magasin.<\/p>\n<p>Aminata Traor\u00e9, connue sous le nom de plume Hamitraor\u00e9, auteure de l\u2019ouvrage \u00ab\u00a0Le Couteau br\u00fblant\u00a0\u00bb et r\u00e9sidant \u00e0 Bouak\u00e9, a salu\u00e9 l\u2019ouverture de cette agence qui, selon elle, permet aux livres de voyager en se rapprochant des lecteurs.<\/p>\n<p>\u00ab Cette initiative concourt \u00e0 la promotion de la lecture et \u00e0 la vulgarisation du livre \u00bb, s\u2019est-elle r\u00e9jouie, esp\u00e9rant que d\u2019autres maisons d\u2019\u00e9dition suivront cet exemple.<\/p>\n<p>En tant qu\u2019auteure, elle voit en cette implantation un v\u00e9ritable soulagement. \u00ab Pour le d\u00e9p\u00f4t de nos manuscrits ou pour r\u00e9soudre les probl\u00e8mes de rupture de stock, nous \u00e9tions oblig\u00e9s de nous d\u00e9placer \u00e0 Abidjan. Cette agence vient lever toutes ces contraintes qui nous compliquaient la t\u00e2che \u00bb, a indiqu\u00e9 Hamitraor\u00e9.<\/p>\n<p><strong>CORRESPONDANCE R\u00c9GIONALE<\/strong><\/p>\n","protected":false},"excerpt":{"rendered":"L&rsquo;ouverture de l&rsquo;agence de Bouak\u00e9 va faire voyager le livre vers les lecteurs. La maison d&rsquo;\u00e9dition d\u00e9nomm\u00e9e \u00ab\u00a0Les&hellip;\n","protected":false},"author":2,"featured_media":216739,"comment_status":"","ping_status":"","sticky":false,"template":"","format":"standard","meta":{"footnotes":""},"categories":[1357],"tags":[13041,11,1379,35614,19965,58,35611,59,1011,27,35612,151,1380,35613],"class_list":{"0":"post-216738","1":"post","2":"type-post","3":"status-publish","4":"format-standard","5":"has-post-thumbnail","7":"category-livres","8":"tag-a","9":"tag-actualites","10":"tag-books","11":"tag-bouake","12":"tag-classiques","13":"tag-divertissement","14":"tag-editions","15":"tag-entertainment","16":"tag-fr","17":"tag-france","18":"tag-ivoiriens","19":"tag-les","20":"tag-livres","21":"tag-sinstallent"},"share_on_mastodon":{"url":"https:\/\/pubeurope.com\/@fr\/114774682106771842","error":""},"_links":{"self":[{"href":"https:\/\/www.europesays.com\/fr\/wp-json\/wp\/v2\/posts\/216738","targetHints":{"allow":["GET"]}}],"collection":[{"href":"https:\/\/www.europesays.com\/fr\/wp-json\/wp\/v2\/posts"}],"about":[{"href":"https:\/\/www.europesays.com\/fr\/wp-json\/wp\/v2\/types\/post"}],"author":[{"embeddable":true,"href":"https:\/\/www.europesays.com\/fr\/wp-json\/wp\/v2\/users\/2"}],"replies":[{"embeddable":true,"href":"https:\/\/www.europesays.com\/fr\/wp-json\/wp\/v2\/comments?post=216738"}],"version-history":[{"count":0,"href":"https:\/\/www.europesays.com\/fr\/wp-json\/wp\/v2\/posts\/216738\/revisions"}],"wp:featuredmedia":[{"embeddable":true,"href":"https:\/\/www.europesays.com\/fr\/wp-json\/wp\/v2\/media\/216739"}],"wp:attachment":[{"href":"https:\/\/www.europesays.com\/fr\/wp-json\/wp\/v2\/media?parent=216738"}],"wp:term":[{"taxonomy":"category","embeddable":true,"href":"https:\/\/www.europesays.com\/fr\/wp-json\/wp\/v2\/categories?post=216738"},{"taxonomy":"post_tag","embeddable":true,"href":"https:\/\/www.europesays.com\/fr\/wp-json\/wp\/v2\/tags?post=216738"}],"curies":[{"name":"wp","href":"https:\/\/api.w.org\/{rel}","templated":true}]}}