{"id":216742,"date":"2025-06-30T22:31:14","date_gmt":"2025-06-30T22:31:14","guid":{"rendered":"https:\/\/www.europesays.com\/fr\/216742\/"},"modified":"2025-06-30T22:31:14","modified_gmt":"2025-06-30T22:31:14","slug":"absent-depuis-deux-ans-pour-raisons-de-sante-le-chanteur-lewis-capaldi-fait-un-retour-bouleversant-sur-scene","status":"publish","type":"post","link":"https:\/\/www.europesays.com\/fr\/216742\/","title":{"rendered":"Absent depuis deux ans pour raisons de sant\u00e9, le chanteur Lewis Capaldi fait un retour bouleversant sur sc\u00e8ne"},"content":{"rendered":"<ul class=\"jsx-862013697 ArticleChapo__List\">\n<li class=\"jsx-862013697 ArticleChapo__List_Item flex\">Le chanteur \u00e9cossais \u00e9tait ce week-end l\u2019invit\u00e9 surprise du festival de Glastonbury o\u00f9 il avait donn\u00e9 son dernier concert en juin 2023 avant d\u2019annuler tous ses engagements.<\/li>\n<li class=\"jsx-862013697 ArticleChapo__List_Item flex\">Fragilis\u00e9 par le syndrome Gilles de la Tourette, le chanteur \u00e9cossais de 28 ans avait pr\u00e9f\u00e9r\u00e9 se retirer de la vie publique pour prendre soin de lui.<\/li>\n<li class=\"jsx-862013697 ArticleChapo__List_Item flex\">\u00ab\u00a0Il est temps que je me remette au travail\u00a0\u00bb, s\u2019amuse ce lundi celui qui raconte son combat dans un nouveau single, pr\u00e9lude d\u2019une s\u00e9rie de concerts \u00e0 la rentr\u00e9e.<\/li>\n<\/ul>\n<p data-module=\"article-paragraph\" class=\"jsx-3046738180 Paragraph\">Son nom ne figurait pas sur les programmes officiels. Mais la rumeur s\u2019est rapidement empar\u00e9e de Glastonbury, le mythique festival musical en plein air dans la campagne anglaise. \u00ab\u00a0Mon nom est Lewis Capaldi et put***, je suis de retour !\u00a0\u00bb, a-t-il lanc\u00e9 \u00e0 une foule acquise \u00e0 sa cause vendredi 27 juin.<\/p>\n<p data-module=\"article-paragraph\" class=\"jsx-3046738180 Paragraph Paragraph__End\">\u00ab\u00a0Je ne vais pas dire grand-chose ici aujourd&rsquo;hui, car si je le faisais, je pourrais me mettre \u00e0 pleurer\u00a0\u00bb, a-t-il d\u00e9clar\u00e9 au d\u00e9but de sa performance, cit\u00e9 par la BBC qui diffusait l\u2019\u00e9v\u00e8nement en direct. Car c\u2019est sur cette m\u00eame sc\u00e8ne que la carri\u00e8re du jeune homme de 28 ans a bascul\u00e9 il y a deux ans, presque jour pour jour.\u00a0<\/p>\n<p>Dix concerts d\u00e9j\u00e0 pr\u00e9vus outre-Manche<\/p>\n<p data-module=\"article-paragraph\" class=\"jsx-3046738180 Paragraph Paragraph__End\">Diminu\u00e9 par le syndrome Gilles de la Tourette qui lui provoque de multiples spams, le chanteur \u00e9cossais n\u2019avait pas pu aller au bout de son tube \u00ab\u00a0Someone You Loved\u00a0\u00bb qu&rsquo;avait repris le public. Alors qu\u2019il avait d\u00e9j\u00e0 annul\u00e9 l\u2019ensemble de ses concerts pr\u00e9vus avant celui-ci, Lewis Capaldi avait pris \u00ab\u00a0la d\u00e9cision la plus difficile de sa vie\u00a0\u00bb en faisait le choix de ne pas honorer les 26 dates restantes. \u00ab\u00a0Il est devenu \u00e9vident que j\u2019ai besoin de passer plus de temps \u00e0 remettre en ordre ma sant\u00e9 mentale et physique, pour que je puisse continuer \u00e0 faire tout ce que j\u2019aime pour encore un long moment\u00a0\u00bb, <a href=\"https:\/\/www.tf1info.fr\/culture\/diminue-par-le-syndrome-gilles-de-la-tourette-lewis-capaldi-ne-montera-plus-sur-scene-pour-l-instant-2261841.html\" target=\"_blank\" rel=\"noopener\">expliquait-il alors<\/a>.<\/p>\n<p data-module=\"article-paragraph\" class=\"jsx-3046738180 Paragraph\">Dans How I\u2019m feeling now, un documentaire Netflix qui lui est consacr\u00e9, Lewis Capaldi \u00e9voque sans filtre son rapport \u00e0 l\u2019anxi\u00e9t\u00e9 et au syndrome Gilles de la Tourette qui lui a \u00e9t\u00e9 diagnostiqu\u00e9 en septembre 2022. Une maladie dont les sympt\u00f4mes se d\u00e9cuplent quand il est sur sc\u00e8ne. \u00ab\u00a0Sinon, je peux aller bien pendant des mois. C\u2019est une situation bizarre\u00a0\u00bb, r\u00e9v\u00e9lait-il \u00e0 The Times. En d\u00e9cembre 2023, le chanteur \u00e9cossais donnait des nouvelles rassurantes sur ses r\u00e9seaux sociaux.\u00a0<\/p>\n<p data-module=\"article-paragraph\" class=\"jsx-3046738180 Paragraph Paragraph__End\">\u00ab\u00a0Je suis tr\u00e8s heureux de vous dire que j\u2019ai remarqu\u00e9 une s\u00e9rieuse am\u00e9lioration depuis que j\u2019ai d\u00e9cid\u00e9 de prendre du temps pour moi\u00a0\u00bb, disait-il, d\u00e9butant l\u2019ann\u00e9e 2024 avec une version de son deuxi\u00e8me enrichie de son deuxi\u00e8me album Broken By Desire To Be Heavenly Sent. Mais depuis, plus rien. Il aura donc fallu attendre un an et demi pour l\u2019entendre \u00e0 nouveau, sur la sc\u00e8ne de Glastonbury puis celle du festival OpenAir de St.Gallen, en Suisse, o\u00f9 il devait aussi se produire il y a deux ans.<\/p>\n<p><a href=\"https:\/\/www.tf1info.fr\/culture\/video-star-academy-anisha-premiere-de-la-promotion-offre-un-duo-magique-avec-lewis-capaldi-2236322.html\" rel=\"noopener\" class=\"jsx-3308031228 Link flex\" target=\"_blank\"><img decoding=\"async\" src=\"https:\/\/www.europesays.com\/fr\/wp-content\/uploads\/2025\/06\/capture-d-e-cran-2022-10-23-a-00-10-09-1-8f30ef-0@1x.png\" alt=\"\" loading=\"lazy\" importance=\"low\" fetchpriority=\"low\" class=\"\"\/><\/p>\n<p class=\"jsx-3657663356 ReadMoreArticle__Title\">Lire aussi<\/p>\n<p class=\"jsx-3657663356\">VID\u00c9O &#8211; Star Academy : Anisha, premi\u00e8re de la promotion, offre un duo magique avec Lewis Capaldi <\/p>\n<p><\/a><\/p>\n<p data-module=\"article-paragraph\" class=\"jsx-3046738180 Paragraph Paragraph__End\">Lewis Capaldi n\u2019est pas revenu les mains vides. Dans sa poche, un titre r\u00e9sumant son parcours d\u00e9licat intitul\u00e9 \u00ab\u00a0Survive\u00a0\u00bb \u00ab\u00a0survivre\u00a0\u00bb. \u00ab\u00a0Je jure devant Dieu que je survivrai \/ Si \u00e7a me tue \/Je me l\u00e8verai et j&rsquo;essaierai \/Si c&rsquo;est la derni\u00e8re chose que je fais \/ J&rsquo;ai encore quelque chose \u00e0 donner \/ M\u00eame si \u00e7a fait mal parfois \/ Je me l\u00e8verai et je vivrai \/ Jusqu&rsquo;au jour o\u00f9 je mourrai\u00a0\u00bb, mart\u00e8le-t-il dans le refrain de cet hymne \u00e0 la r\u00e9silience donc le clip a \u00e9t\u00e9 visionn\u00e9 plus de 1,3 million de fois sur YouTube. \u00ab\u00a0Il est temps que je me remette au travail\u00a0\u00bb, insiste-t-il ce lundi en d\u00e9voilant les dates d\u2019une mini-tourn\u00e9e de dix concerts en septembre qui ne traversera malheureusement pas la Manche. \u00ab\u00a0Ce seront les seuls au Royaume-Uni, en Irlande ou en Europe cette ann\u00e9e ! J\u2019aimerais vous y voir\u00a0\u00bb, \u00e9crit-il. Avant un passage en France en 2026 ?<\/p>\n<p>Delphine DE FREITAS<\/p>\n","protected":false},"excerpt":{"rendered":"Le chanteur \u00e9cossais \u00e9tait ce week-end l\u2019invit\u00e9 surprise du festival de Glastonbury o\u00f9 il avait donn\u00e9 son dernier&hellip;\n","protected":false},"author":2,"featured_media":216743,"comment_status":"","ping_status":"","sticky":false,"template":"","format":"standard","meta":{"footnotes":""},"categories":[1355],"tags":[1111,11,1921,58,6609,59,1011,27,1922,9887,2041,1361,873,127,973,133,2040],"class_list":{"0":"post-216742","1":"post","2":"type-post","3":"status-publish","4":"format-standard","5":"has-post-thumbnail","7":"category-musique","8":"tag-actu","9":"tag-actualites","10":"tag-article-video","11":"tag-divertissement","12":"tag-ecosse","13":"tag-entertainment","14":"tag-fr","15":"tag-france","16":"tag-info","17":"tag-maladies-et-traitements","18":"tag-medias-et-divertissement","19":"tag-music","20":"tag-musique","21":"tag-netflix","22":"tag-people","23":"tag-video","24":"tag-video-culture"},"share_on_mastodon":{"url":"https:\/\/pubeurope.com\/@fr\/114774690453462036","error":""},"_links":{"self":[{"href":"https:\/\/www.europesays.com\/fr\/wp-json\/wp\/v2\/posts\/216742","targetHints":{"allow":["GET"]}}],"collection":[{"href":"https:\/\/www.europesays.com\/fr\/wp-json\/wp\/v2\/posts"}],"about":[{"href":"https:\/\/www.europesays.com\/fr\/wp-json\/wp\/v2\/types\/post"}],"author":[{"embeddable":true,"href":"https:\/\/www.europesays.com\/fr\/wp-json\/wp\/v2\/users\/2"}],"replies":[{"embeddable":true,"href":"https:\/\/www.europesays.com\/fr\/wp-json\/wp\/v2\/comments?post=216742"}],"version-history":[{"count":0,"href":"https:\/\/www.europesays.com\/fr\/wp-json\/wp\/v2\/posts\/216742\/revisions"}],"wp:featuredmedia":[{"embeddable":true,"href":"https:\/\/www.europesays.com\/fr\/wp-json\/wp\/v2\/media\/216743"}],"wp:attachment":[{"href":"https:\/\/www.europesays.com\/fr\/wp-json\/wp\/v2\/media?parent=216742"}],"wp:term":[{"taxonomy":"category","embeddable":true,"href":"https:\/\/www.europesays.com\/fr\/wp-json\/wp\/v2\/categories?post=216742"},{"taxonomy":"post_tag","embeddable":true,"href":"https:\/\/www.europesays.com\/fr\/wp-json\/wp\/v2\/tags?post=216742"}],"curies":[{"name":"wp","href":"https:\/\/api.w.org\/{rel}","templated":true}]}}