{"id":216746,"date":"2025-06-30T22:33:10","date_gmt":"2025-06-30T22:33:10","guid":{"rendered":"https:\/\/www.europesays.com\/fr\/216746\/"},"modified":"2025-06-30T22:33:10","modified_gmt":"2025-06-30T22:33:10","slug":"alsace-un-cas-de-chikungunya-detecte-du-cote-de-lipsheim-et-fegersheim-pres-de-strasbourg","status":"publish","type":"post","link":"https:\/\/www.europesays.com\/fr\/216746\/","title":{"rendered":"Alsace. Un cas de chikungunya d\u00e9tect\u00e9 du c\u00f4t\u00e9 de Lipsheim et Fegersheim, pr\u00e8s de Strasbourg"},"content":{"rendered":"<p>Dans un communiqu\u00e9 de presse publi\u00e9 ce lundi 30 juin, l\u2019Agence r\u00e9gionale de sant\u00e9 Grand Est (ARS) a signal\u00e9 un <a href=\"https:\/\/www.dna.fr\/sante\/2025\/06\/25\/le-chikungunya-circule-en-metropole-a-un-niveau-jamais-vu-a-cette-periode-de-l-annee\" target=\"_blank\" rel=\"noopener\">cas de chikungunya dans le Bas-Rhin<\/a>. La personne ayant contract\u00e9 la maladie transmise par le moustique tigre a fr\u00e9quent\u00e9, pr\u00e9cise-t-elle, des quartiers des communes de Lipsheim et Fegersheim pendant sa p\u00e9riode dite de vir\u00e9mie, c\u2019est-\u00e0-dire la p\u00e9riode pendant laquelle le virus \u00e9tait pr\u00e9sent dans son sang.<\/p>\n<p>Une enqu\u00eate entomologique va \u00eatre r\u00e9alis\u00e9e afin de v\u00e9rifier la pr\u00e9sence du moustique tigre dans les zones concern\u00e9es d\u00e8s ce mardi 30 juin, ajoute l\u2019agence, sans pr\u00e9ciser si cette personne a \u00e9t\u00e9 <a href=\"https:\/\/www.dna.fr\/sante\/2025\/06\/24\/corse-deux-cas-autochtones-de-chikungunya-detectes\" target=\"_blank\" rel=\"noopener\">contamin\u00e9e en France ou ailleurs<\/a>. Si la pr\u00e9sence du moustique est av\u00e9r\u00e9e dans ces deux communes, une op\u00e9ration de d\u00e9moustication sera r\u00e9alis\u00e9e afin d\u2019\u00e9viter toute transmission de la maladie \u00e0 d\u2019autres personnes. \u00ab L\u2019op\u00e9rateur de d\u00e9moustication effectuera au pr\u00e9alable une information porte \u00e0 porte des habitations concern\u00e9es et proc\u00e9dera \u00e0 la destruction et au traitement des g\u00eetes larvaires dans la semaine \u00bb, ajoute l\u2019ARS.<\/p>\n<p>Le chikungunya est responsable de fortes fi\u00e8vres et douleurs respiratoires.<\/p>\n","protected":false},"excerpt":{"rendered":"Dans un communiqu\u00e9 de presse publi\u00e9 ce lundi 30 juin, l\u2019Agence r\u00e9gionale de sant\u00e9 Grand Est (ARS) a&hellip;\n","protected":false},"author":2,"featured_media":216747,"comment_status":"","ping_status":"","sticky":false,"template":"","format":"standard","meta":{"footnotes":""},"categories":[10],"tags":[2389,1867,2649,2880,436,274,107,1011,27,72,71,104,640,2879],"class_list":{"0":"post-216746","1":"post","2":"type-post","3":"status-publish","4":"format-standard","5":"has-post-thumbnail","7":"category-sante","8":"tag-alsace","9":"tag-animaux","10":"tag-bas-rhin","11":"tag-edition-strasbourg","12":"tag-environnement","13":"tag-faits-divers-justice","14":"tag-fil-info","15":"tag-fr","16":"tag-france","17":"tag-health","18":"tag-sante","19":"tag-societe","20":"tag-strasbourg","21":"tag-strasbourg-ville"},"share_on_mastodon":{"url":"https:\/\/pubeurope.com\/@fr\/114774698366693240","error":""},"_links":{"self":[{"href":"https:\/\/www.europesays.com\/fr\/wp-json\/wp\/v2\/posts\/216746","targetHints":{"allow":["GET"]}}],"collection":[{"href":"https:\/\/www.europesays.com\/fr\/wp-json\/wp\/v2\/posts"}],"about":[{"href":"https:\/\/www.europesays.com\/fr\/wp-json\/wp\/v2\/types\/post"}],"author":[{"embeddable":true,"href":"https:\/\/www.europesays.com\/fr\/wp-json\/wp\/v2\/users\/2"}],"replies":[{"embeddable":true,"href":"https:\/\/www.europesays.com\/fr\/wp-json\/wp\/v2\/comments?post=216746"}],"version-history":[{"count":0,"href":"https:\/\/www.europesays.com\/fr\/wp-json\/wp\/v2\/posts\/216746\/revisions"}],"wp:featuredmedia":[{"embeddable":true,"href":"https:\/\/www.europesays.com\/fr\/wp-json\/wp\/v2\/media\/216747"}],"wp:attachment":[{"href":"https:\/\/www.europesays.com\/fr\/wp-json\/wp\/v2\/media?parent=216746"}],"wp:term":[{"taxonomy":"category","embeddable":true,"href":"https:\/\/www.europesays.com\/fr\/wp-json\/wp\/v2\/categories?post=216746"},{"taxonomy":"post_tag","embeddable":true,"href":"https:\/\/www.europesays.com\/fr\/wp-json\/wp\/v2\/tags?post=216746"}],"curies":[{"name":"wp","href":"https:\/\/api.w.org\/{rel}","templated":true}]}}