{"id":216756,"date":"2025-06-30T22:38:11","date_gmt":"2025-06-30T22:38:11","guid":{"rendered":"https:\/\/www.europesays.com\/fr\/216756\/"},"modified":"2025-06-30T22:38:11","modified_gmt":"2025-06-30T22:38:11","slug":"30-milliards-de-dollars-a-liran-pour-arreter-son-programme-nucleaire-trump-dement-witkoff-est-optimiste","status":"publish","type":"post","link":"https:\/\/www.europesays.com\/fr\/216756\/","title":{"rendered":"30\u00a0milliards de dollars \u00e0 l\u2019Iran pour arr\u00eater son programme nucl\u00e9aire\u00a0? Trump d\u00e9ment, Witkoff est optimiste"},"content":{"rendered":"<p>Les <a href=\"https:\/\/www.20minutes.fr\/monde\/etats-unis\/\" class=\"color-ultramarine c-link\" rel=\"nofollow noopener\" target=\"_blank\">\u00c9tats-Unis<\/a> ont entam\u00e9 une s\u00e9rie de tractations diplomatiques secr\u00e8tes pour relancer les pourparlers avec l\u2019Iran autour de son programme nucl\u00e9aire civil, selon plusieurs sources cit\u00e9es par <a href=\"https:\/\/edition.cnn.com\/2025\/06\/26\/politics\/us-iran-talks-nuclear-program\" rel=\"nofollow noopener\" target=\"_blank\" class=\"color-ultramarine c-link\">CNN<\/a>.<\/p>\n<p>L\u2019objectif serait de parvenir \u00e0 convaincre <a href=\"https:\/\/www.20minutes.fr\/monde\/teheran\/\" class=\"color-ultramarine c-link\" rel=\"nofollow noopener\" target=\"_blank\">T\u00e9h\u00e9ran<\/a> de renoncer \u00e0 toute forme d\u2019enrichissement d\u2019uranium, en \u00e9change d\u2019un vaste paquet d\u2019aides et d\u2019all\u00e8gements de sanctions, n\u00e9goci\u00e9 dans l\u2019ombre par les \u00e9missaires de <a href=\"https:\/\/www.20minutes.fr\/dossier\/donald_trump\" class=\"color-ultramarine c-link\" rel=\"nofollow noopener\" target=\"_blank\">Donald Trump<\/a>.<\/p>\n<\/p>\n<p>Un investissement massif dans un programme civil<\/p>\n<p>Parmi les options \u00e9voqu\u00e9es en coulisses\u00a0: un investissement colossal de 20 \u00e0 30\u00a0milliards de dollars dans un programme nucl\u00e9aire civil et non enrichi pour l\u2019Iran, \u00e0 condition que le r\u00e9gime renonce totalement \u00e0 produire de l\u2019uranium enrichi sur son sol. Pour ce faire, les fonds ne viendraient pas directement des <a href=\"https:\/\/www.20minutes.fr\/monde\/etats-unis\/\" class=\"color-ultramarine c-link\" rel=\"nofollow noopener\" target=\"_blank\">\u00c9tats-Unis<\/a>, mais des alli\u00e9s arabes du Golfe.<\/p>\n<p>Autres pistes discut\u00e9es\u00a0: la lev\u00e9e partielle de sanctions am\u00e9ricaines, ainsi que le d\u00e9blocage de 6\u00a0milliards de dollars appartenant \u00e0 l\u2019<a href=\"https:\/\/www.20minutes.fr\/monde\/iran\/\" class=\"color-ultramarine c-link\" rel=\"nofollow noopener\" target=\"_blank\">Iran<\/a>, actuellement gel\u00e9s \u00e0 l\u2019\u00e9tranger. Ces propositions ont \u00e9t\u00e9 examin\u00e9es lors d\u2019une r\u00e9union confidentielle \u00e0 la <a href=\"https:\/\/www.20minutes.fr\/dossier\/maison_blanche\" class=\"color-ultramarine c-link\" rel=\"nofollow noopener\" target=\"_blank\">Maison-Blanche<\/a> en fin de semaine derni\u00e8re, en pr\u00e9sence de Steve Witkoff, l\u2019envoy\u00e9 sp\u00e9cial am\u00e9ricain au <a href=\"https:\/\/www.20minutes.fr\/dossier\/moyen_orient\" class=\"color-ultramarine c-link\" rel=\"nofollow noopener\" target=\"_blank\">Moyen-Orient<\/a>, et de repr\u00e9sentants du Golfe.<\/p>\n<p>Vers une reprise des n\u00e9gociations<\/p>\n<p>Ces \u00e9changes ont eu lieu malgr\u00e9 un contexte tendu. Au cours des derni\u00e8res semaines, l\u2019escalade a men\u00e9 \u00e0 des frappes isra\u00e9liennes et am\u00e9ricaines sur des sites nucl\u00e9aires iraniens, \u00e0 l\u2019approbation par le Parlement iranien d\u2019une loi suspendant toute coop\u00e9ration avec l\u2019<a href=\"https:\/\/www.20minutes.fr\/monde\/aiea\/\" class=\"color-ultramarine c-link\" rel=\"nofollow noopener\" target=\"_blank\">AIEA<\/a> (l\u2019agence nucl\u00e9aire de l\u2019<a href=\"https:\/\/www.20minutes.fr\/monde\/onu\/\" class=\"color-ultramarine c-link\" rel=\"nofollow noopener\" target=\"_blank\">Onu<\/a>), ainsi qu\u2019\u00e0 une rh\u00e9torique publique dure d\u2019un c\u00f4t\u00e9 comme de l\u2019autre. Un <a href=\"https:\/\/www.20minutes.fr\/monde\/4160520-20250626-guerre-israel-iran-cessez-feu-brise-fois-vers-reprise-negociations-nucleaire\" class=\"color-ultramarine c-link\" rel=\"nofollow noopener\" target=\"_blank\">cessez-le-feu fragile<\/a> a n\u00e9anmoins permis \u00e0 ces discussions de se poursuivre ces derniers jours, gr\u00e2ce notamment au <a href=\"https:\/\/www.20minutes.fr\/dossier\/qatar\" class=\"color-ultramarine c-link\" rel=\"nofollow noopener\" target=\"_blank\">Qatar<\/a> qui sert de m\u00e9diateur dans les contacts indirects entre Washington et T\u00e9h\u00e9ran.<\/p>\n<p><img decoding=\"async\" alt=\"Donald Trump d\u00e9ment toute proposition d'investissement dans le nucl\u00e9aire iranien.\" class=\"c-img\" loading=\"lazy\" fetchpriority=\"auto\" width=\"718\"  src=\"https:\/\/img.20mn.fr\/APU9TDiWQNOFitJg3OV0SCk\/718x0\" \/>Donald Trump d\u00e9ment toute proposition d&rsquo;investissement dans le nucl\u00e9aire iranien.\u2002-\u00a0Donald Trump<\/p>\n<p>L\u2019administration Trump esp\u00e8re que les frappes r\u00e9centes auront convaincu l\u2019Iran d\u2019accepter les conditions am\u00e9ricaines. Un projet discut\u00e9 inclurait m\u00eame la reconstruction d\u2019un site nucl\u00e9aire non enrichi en lieu et place de Fordo.<\/p>\n<p><a href=\"https:\/\/www.20minutes.fr\/monde\/etats-unis\/\" class=\"c-link c-btn c-btn--primary\" rel=\"nofollow noopener\" target=\"_blank\">Notre dossier sur les \u00c9tats-Unis<\/a>\u00ab\u00a0Je pense qu\u2019ils sont pr\u00eats\u00a0\u00bb<\/p>\n<p>Mais la position am\u00e9ricaine demeure ambigu\u00eb. <a href=\"https:\/\/youtu.be\/NQwaDLmOCq4?si=KVpI_ZiyfS8esiW_\" rel=\"nofollow noopener\" target=\"_blank\" class=\"color-ultramarine c-link\">Steve Witkoff s\u2019est dit optimiste sur CNBC<\/a>, parlant d\u2019un possible accord plus large en vue. \u00ab\u00a0Nous sommes optimistes, tous les signes sont l\u00e0. [\u2026] Nous discutons avec les Iraniens. Je pense qu\u2019ils sont pr\u00eats.\u00a0\u00bb Mais son patron, <a href=\"https:\/\/www.20minutes.fr\/dossier\/donald_trump\" class=\"color-ultramarine c-link\" rel=\"nofollow noopener\" target=\"_blank\">Donald Trump<\/a> souffle le chaud et le froid. Il y a quelques jours \u00e0 peine, il a laiss\u00e9 entendre qu\u2019une rencontre avec des repr\u00e9sentants iraniens pourrait avoir lieu la semaine suivante (cette semaine donc), tout en affirmant\u00a0: \u00ab\u00a0Je ne sais pas si on va signer un accord, je m\u2019en fiche\u00a0\u00bb.<\/p>\n<p>Dans une publication post\u00e9e sur <a href=\"https:\/\/truthsocial.com\/@realDonaldTrump\/posts\/114770956840780267\" rel=\"nofollow noopener\" target=\"_blank\" class=\"color-ultramarine c-link\">TruthSocial<\/a>, le pr\u00e9sident a m\u00eame ni\u00e9 toute n\u00e9gociation en cours\u00a0: \u00ab\u00a0Dites au faux s\u00e9nateur d\u00e9mocrate Chris Coons que je ne propose RIEN \u00e0 l\u2019Iran, contrairement \u00e0 Obama\u00a0\u00bb, a-t-il \u00e9crit, tout en rappelant avoir \u00ab\u00a0totalement D\u00c9TRUIT leurs installations nucl\u00e9aires\u00a0\u00bb.<\/p>\n","protected":false},"excerpt":{"rendered":"Les \u00c9tats-Unis ont entam\u00e9 une s\u00e9rie de tractations diplomatiques secr\u00e8tes pour relancer les pourparlers avec l\u2019Iran autour de&hellip;\n","protected":false},"author":2,"featured_media":216757,"comment_status":"","ping_status":"","sticky":false,"template":"","format":"standard","meta":{"footnotes":""},"categories":[5],"tags":[47,11,75,73,1011,27,14,3019,664,78,74,12,3020,1463,10734,2744,28],"class_list":{"0":"post-216756","1":"post","2":"type-post","3":"status-publish","4":"format-standard","5":"has-post-thumbnail","7":"category-international","8":"tag-actualite","9":"tag-actualites","10":"tag-donald-trump","11":"tag-etats-unis","12":"tag-fr","13":"tag-france","14":"tag-international","15":"tag-iran","16":"tag-israel","17":"tag-maison-blanche","18":"tag-monde","19":"tag-news","20":"tag-nucleaire-iranien","21":"tag-qatar","22":"tag-teheran","23":"tag-washington","24":"tag-world"},"share_on_mastodon":{"url":"https:\/\/pubeurope.com\/@fr\/114774717582189093","error":""},"_links":{"self":[{"href":"https:\/\/www.europesays.com\/fr\/wp-json\/wp\/v2\/posts\/216756","targetHints":{"allow":["GET"]}}],"collection":[{"href":"https:\/\/www.europesays.com\/fr\/wp-json\/wp\/v2\/posts"}],"about":[{"href":"https:\/\/www.europesays.com\/fr\/wp-json\/wp\/v2\/types\/post"}],"author":[{"embeddable":true,"href":"https:\/\/www.europesays.com\/fr\/wp-json\/wp\/v2\/users\/2"}],"replies":[{"embeddable":true,"href":"https:\/\/www.europesays.com\/fr\/wp-json\/wp\/v2\/comments?post=216756"}],"version-history":[{"count":0,"href":"https:\/\/www.europesays.com\/fr\/wp-json\/wp\/v2\/posts\/216756\/revisions"}],"wp:featuredmedia":[{"embeddable":true,"href":"https:\/\/www.europesays.com\/fr\/wp-json\/wp\/v2\/media\/216757"}],"wp:attachment":[{"href":"https:\/\/www.europesays.com\/fr\/wp-json\/wp\/v2\/media?parent=216756"}],"wp:term":[{"taxonomy":"category","embeddable":true,"href":"https:\/\/www.europesays.com\/fr\/wp-json\/wp\/v2\/categories?post=216756"},{"taxonomy":"post_tag","embeddable":true,"href":"https:\/\/www.europesays.com\/fr\/wp-json\/wp\/v2\/tags?post=216756"}],"curies":[{"name":"wp","href":"https:\/\/api.w.org\/{rel}","templated":true}]}}