{"id":216762,"date":"2025-06-30T22:41:24","date_gmt":"2025-06-30T22:41:24","guid":{"rendered":"https:\/\/www.europesays.com\/fr\/216762\/"},"modified":"2025-06-30T22:41:24","modified_gmt":"2025-06-30T22:41:24","slug":"16-departements-en-vigilance-rouge-des-salles-climatisees-ouvertes-dans-le-gier","status":"publish","type":"post","link":"https:\/\/www.europesays.com\/fr\/216762\/","title":{"rendered":"16 d\u00e9partements en vigilance \u00ab\u00a0rouge\u00a0\u00bb, des salles climatis\u00e9es ouvertes dans le Gier"},"content":{"rendered":"<p><img decoding=\"async\" class=\"\" style=\"width:100%\" src=\"https:\/\/www.europesays.com\/fr\/wp-content\/uploads\/2025\/06\/thermometer_4294021_12801712210187403.jpg\" alt=\"chaleur \"\/><\/p>\n<p>Cr\u00e9dit : Photo d&rsquo;illustration Pixabay<\/p>\n<p>Dans son dernier bulletin de 16 heures, M\u00e9t\u00e9o France a plac\u00e9 16 d\u00e9partements en vigilance rouge \u00e0 la canicule pour ce mardi, soit le plus haut niveau d\u2019alerte qui correspond \u00e0 \u00ab\u00a0une vigilance absolue\u00a0\u00bb. Il n&rsquo;y en a pas dans la r\u00e9gion AURA, o\u00f9 tout le monde reste en alerte orange.<\/p>\n<p>Malgr\u00e9 tout, certaines communes lig\u00e9riennes prennent les devants, notamment dans le Gier. La vall\u00e9e va \u00eatre l&rsquo;un des secteurs les plus touch\u00e9s par les fortes chaleurs ce mardi, avec jusqu&rsquo;\u00e0 38 degr\u00e9s attendus. Rive-de-Gier, a donc pris la d\u00e9cision d\u2019ouvrir un lieu climatis\u00e9 destin\u00e9 aux personnes vuln\u00e9rables, qu\u2019elles soient \u00e2g\u00e9es, isol\u00e9es ou sans domicile fixe. Il s&rsquo;agit de la salle Jean-Dast\u00e9, de 13h30 \u00e0 17 heures, jusqu\u2019\u00e0 mercredi inclus.<\/p>\n<p>Initiative similaire du c\u00f4t\u00e9 de la salle \u00ab\u00a0l\u2019\u00c9toile\u00a0\u00bb de la Grand-Croix de 13h45 \u00e0 18h, ces 3 prochains jours.<\/p>\n","protected":false},"excerpt":{"rendered":"Cr\u00e9dit : Photo d&rsquo;illustration Pixabay Dans son dernier bulletin de 16 heures, M\u00e9t\u00e9o France a plac\u00e9 16 d\u00e9partements&hellip;\n","protected":false},"author":2,"featured_media":216763,"comment_status":"","ping_status":"","sticky":false,"template":"","format":"standard","meta":{"footnotes":""},"categories":[9653],"tags":[1111,11,2430,6698,13208,1777,674,1011,27,35615,3367,12,25,15293,4001,15192],"class_list":{"0":"post-216762","1":"post","2":"type-post","3":"status-publish","4":"format-standard","5":"has-post-thumbnail","7":"category-saint-etienne","8":"tag-actu","9":"tag-actualites","10":"tag-auvergne-rhone-alpes","11":"tag-canicule","12":"tag-chaleur","13":"tag-eu","14":"tag-europe","15":"tag-fr","16":"tag-france","17":"tag-la_grand-croix","18":"tag-loire","19":"tag-news","20":"tag-republique-francaise","21":"tag-rive-de-gier","22":"tag-saint-etienne","23":"tag-vigilance"},"share_on_mastodon":{"url":"https:\/\/pubeurope.com\/@fr\/114774730020326811","error":""},"_links":{"self":[{"href":"https:\/\/www.europesays.com\/fr\/wp-json\/wp\/v2\/posts\/216762","targetHints":{"allow":["GET"]}}],"collection":[{"href":"https:\/\/www.europesays.com\/fr\/wp-json\/wp\/v2\/posts"}],"about":[{"href":"https:\/\/www.europesays.com\/fr\/wp-json\/wp\/v2\/types\/post"}],"author":[{"embeddable":true,"href":"https:\/\/www.europesays.com\/fr\/wp-json\/wp\/v2\/users\/2"}],"replies":[{"embeddable":true,"href":"https:\/\/www.europesays.com\/fr\/wp-json\/wp\/v2\/comments?post=216762"}],"version-history":[{"count":0,"href":"https:\/\/www.europesays.com\/fr\/wp-json\/wp\/v2\/posts\/216762\/revisions"}],"wp:featuredmedia":[{"embeddable":true,"href":"https:\/\/www.europesays.com\/fr\/wp-json\/wp\/v2\/media\/216763"}],"wp:attachment":[{"href":"https:\/\/www.europesays.com\/fr\/wp-json\/wp\/v2\/media?parent=216762"}],"wp:term":[{"taxonomy":"category","embeddable":true,"href":"https:\/\/www.europesays.com\/fr\/wp-json\/wp\/v2\/categories?post=216762"},{"taxonomy":"post_tag","embeddable":true,"href":"https:\/\/www.europesays.com\/fr\/wp-json\/wp\/v2\/tags?post=216762"}],"curies":[{"name":"wp","href":"https:\/\/api.w.org\/{rel}","templated":true}]}}