{"id":216776,"date":"2025-06-30T22:49:22","date_gmt":"2025-06-30T22:49:22","guid":{"rendered":"https:\/\/www.europesays.com\/fr\/216776\/"},"modified":"2025-06-30T22:49:22","modified_gmt":"2025-06-30T22:49:22","slug":"la-coupe-est-pleine-pour-les-locataires-dun-immeuble-pres-de-rouen","status":"publish","type":"post","link":"https:\/\/www.europesays.com\/fr\/216776\/","title":{"rendered":"la coupe est pleine pour les locataires d&rsquo;un immeuble pr\u00e8s de Rouen"},"content":{"rendered":"<p>            Par<br \/>\n        <strong><br \/>\n            <a href=\"https:\/\/actu.fr\/auteur\/isabellevilly\" title=\"Consulter tous les articles de Isabelle Villy\" rel=\"nofollow noopener\" target=\"_blank\">Isabelle Villy<\/a><br \/>\n        <\/strong><\/p>\n<p>        Publi\u00e9 le<\/p>\n<p>            30 juin 2025 \u00e0 18h04        <\/p>\n<p>Les <a href=\"https:\/\/actu.fr\/normandie\/darnetal_76212\/nous-sommes-tous-secoues-les-habitants-choques-apres-un-feu-dans-le-parking-d-un-immeuble-pres-de-rouen_62683654.html\" rel=\"nofollow noopener\" target=\"_blank\">traces de l\u2019incendie du 24\u00a0mai<\/a> sont <strong>encore visibles<\/strong> sur les murs de la r\u00e9sidence de la rue du Panorama, \u00e0 Darn\u00e9tal, pr\u00e8s de <a href=\"https:\/\/actu.fr\/normandie\/rouen_76540\" rel=\"nofollow noopener\" target=\"_blank\">Rouen (Seine-Maritime)<\/a>. Sur le parking de l\u2019immeuble, d\u2019\u00e9normes containers, <strong>install\u00e9s de fa\u00e7on provisoire<\/strong> pour r\u00e9cup\u00e9rer les eaux us\u00e9es, prennent les places des voitures : l\u2019acc\u00e8s \u00e0 ce niveau reste de toute fa\u00e7on interdite, depuis l\u2019incendie.<\/p>\n<p>\u00c9vacuation des eaux us\u00e9es : du provisoire qui dure\u2026<\/p>\n<p class=\" wall-content\">Mais pr\u00e8s d\u2019un mois apr\u00e8s le sinistre, les locataires n\u2019en peuvent plus ! Ils se sentent totalement abandonn\u00e9s par leur bailleur, <strong>Habitat 76<\/strong>. Et comme si l\u2019incendie ne suffisait pas, ils ont aussi \u00e9t\u00e9 victimes d\u2019inondations apr\u00e8s les violents orages qui se sont abattus sur la Seine-Maritime, vendredi 13 juin dernier. Trop c\u2019est trop, et ils demandent au bailleur d\u2019agir.<\/p>\n<p class=\" wall-content\">Trous dans les murs apr\u00e8s que les tuyaux d\u2019\u00e9vacuation des eaux us\u00e9es ont \u00e9t\u00e9 chang\u00e9s, fen\u00eatres noircies t\u00e9moignant du passage de l\u2019incendie, <strong>humidit\u00e9 apr\u00e8s les inondations cons\u00e9cutives \u00e0 l\u2019orage du 13\u00a0juin<\/strong>\u2026 la coupe est pleine pour les locataires.\u00a0<\/p>\n<p class=\" wall-content\">L\u2019une de leurs principales demandes : que l\u2019\u00e9vacuation des eaux us\u00e9es soit enfin refaite, d\u2019un bout \u00e0 l\u2019autre. Les tuyaux d\u2019\u00e9vacuation, qui avaient fondu par le feu, ont \u00e9t\u00e9 chang\u00e9s, mais actuellement, <strong>ce sont des cuves install\u00e9es sur le parking<\/strong> qui r\u00e9cup\u00e8re les eaux us\u00e9es des appartements\u2026 \u00ab Elles ne sont pas vid\u00e9es r\u00e9guli\u00e8rement et \u00e9videmment,<strong> \u00e7a d\u00e9borde\u2026 et on ne vous raconte pas les odeurs<\/strong> \u00bb, confie Sabrina, maman d\u2019une des locataires qu\u2019elle h\u00e9berge d\u2019ailleurs chez elle depuis l\u2019incendie.<\/p>\n<p>\u00ab\u00a0On ne se sent plus en s\u00e9curit\u00e9\u00a0\u00bb\u00a0<\/p>\n<p class=\" wall-content\">\u00ab Ma m\u00e8re est une des locataires dont l\u2019appartement a \u00e9t\u00e9 le plus touch\u00e9 par l\u2019incendie. Un relogement avait \u00e9t\u00e9 propos\u00e9 <strong>par le bailleur<\/strong>, dans le m\u00eame immeuble, mais sans aide pour le d\u00e9m\u00e9nagement \u00bb, explique la fille de la locataire, dont l\u2019appartement est toujours aujourd\u2019hui difficilement habitable.<\/p>\n<p class=\" wall-content\">\u00ab On ne se sent plus en s\u00e9curit\u00e9. Et quand je vois l\u2019\u00e9tat de mes meubles, remplis de suie et la fen\u00eatre noire et qui a \u00e9clat\u00e9 par la chaleur, <strong>c\u2019est difficile<\/strong>. La fen\u00eatre a \u00e9t\u00e9 s\u00e9curis\u00e9e d\u00e9but juin et une soci\u00e9t\u00e9 de nettoyage est intervenue pour nettoyer la suie \u00bb, confie la m\u00e8re de Sabrina,<strong> \u00e2g\u00e9e de 73\u00a0ans<\/strong>, qui a, de plus, d\u00fb nettoyer son appartement totalement inond\u00e9 d\u2019eaux us\u00e9es, trois jours apr\u00e8s l\u2019incendie : \u00ab tout ressortait depuis les toilettes et s\u2019est r\u00e9pandu dans tout l\u2019appartement. Cela a dur\u00e9 cinq jours \u00bb, d\u00e9nonce sa fille.<\/p>\n<p>Cinq logements inond\u00e9s<\/p>\n<p class=\" wall-content\">Apr\u00e8s l\u2019incendie du 24 mai, c\u2019est donc l\u2019orage du 13 juin qui a, une nouvelle fois, caus\u00e9 des dommages aux locataires : l\u2019un d\u2019entre eux est mont\u00e9 sur le toit pour comprendre d\u2019o\u00f9 venaient des <strong>infiltrations d\u2019eau<\/strong> qui ont d\u00e9truit le placo\u00ae, s\u2019infiltrant partout dans les appartements, les rendant, une fois de plus, inhabitables.<\/p>\n<p class=\" wall-content\">\u00ab Il manquait un bout de tuyau d\u2019\u00e9vacuation, certainement d\u00e9plac\u00e9 \u00e0 cause de l\u2019incendie \u00bb, explique Sabrina, qui souligne <strong>la solidarit\u00e9 entre les voisins de l\u2019immeuble<\/strong> et l\u2019entraide dont ils ont fait preuve les uns envers les autres. Quoi qu\u2019il en soit, cinq logements ont \u00e9t\u00e9 inond\u00e9s : des d\u00e9g\u00e2ts s\u2019ajoutant \u00e0 ceux de l\u2019incendie pour des locataires d\u00e9j\u00e0 \u00e9prouv\u00e9s.<\/p>\n<p>Le bailleur Habitat 76 fait le point<\/p>\n<p>Le directeur du territoire concern\u00e9 pour Habitat 76, Tanguy Hameeuw, affirme que le bailleur reste \u00ab mobilis\u00e9 et \u00e0 l&rsquo;\u00e9coute des locataires, jusqu&rsquo;\u00e0 la remise en \u00e9tat compl\u00e8te de la r\u00e9sidence. Apr\u00e8s l&rsquo;incendie de deux v\u00e9hicules dans le parking couvert, la mobilisation imm\u00e9diate des \u00e9quipes d&rsquo;Habitat 76 (avec notamment le passage de son expert), de ses prestataires et de la mairie de Darn\u00e9tal, a permis que les familles regagnent leur logement d\u00e8s le mercredi suivant \u00bb, fait valoir le directeur, qui conc\u00e8de que l&rsquo;incendie a plus s\u00e9rieusement touch\u00e9 deux logements, et que leurs habitants n&rsquo;ont pas encore pu rentrer chez eux \u00e0 ce jour.\u00a0<br \/>&#13;<br \/>\nEn ce qui concerne la remise en \u00e9tat d\u00e9finitive des r\u00e9seaux d&rsquo;eaux us\u00e9es et pluviales, il indique que les travaux ont d\u00e9marr\u00e9, tout comme la r\u00e9alisation des peintures des halls et des paliers.<br \/>&#13;<br \/>\n\u00ab Durant l&rsquo;\u00e9t\u00e9, nous allons proc\u00e9der \u00e0 la r\u00e9fection des deux logements les plus impact\u00e9s : les travaux se traduiront par le changement des sols, des fen\u00eatres et des volets, ainsi que par la r\u00e9paration des plomberies \u00bb, annonce Tanguy Hameeuw, qui assure que jusqu&rsquo;ici, tout a \u00e9t\u00e9 mis en \u0153uvre pour \u00ab rendre les espaces de vie s\u00fbrs et habitables, dans les meilleurs d\u00e9lais \u00bb.<br \/>&#13;<br \/>\nS&rsquo;agissant du parking, le directeur constate que \u00ab les dates de passage des experts, mandat\u00e9s pour les assureurs des propri\u00e9taires des v\u00e9hicules, demeurent inconnues. Leurs validations sont malheureusement indispensables pour lancer toutes les r\u00e9parations concernant l&rsquo;isolation, la ma\u00e7onnerie, l&rsquo;\u00e9lectricit\u00e9 ou encore le remplacement de la porte. Les commandes sont d\u00e9j\u00e0 pr\u00eates et sont \u00e9valu\u00e9es \u00e0 pr\u00e8s de 350 000 euros \u00bb, d\u00e9taille Tanguy Hameeuw, qui indique que durant cette p\u00e9riode, \u00ab la facturation des emplacements de stationnement est suspendue \u00bb.<\/p>\n<p>M\u00e8re d\u2019un enfant autiste, elle a cherch\u00e9 un autre logement<\/p>\n<p class=\" wall-content\">Parmi les sinistr\u00e9s, une m\u00e8re de famille dont l\u2019un des enfants est autiste : \u00ab J\u2019ai emm\u00e9nag\u00e9 ici en 2024, mais l\u00e0, ce n\u2019est plus possible. Nous avons des trous dans les murs, de l\u2019humidit\u00e9 partout dans l\u2019appartement et pour mon fils, <strong>ces conditions de vie ne sont pas possibles<\/strong>. Avec les ouvertures b\u00e9antes dans les murs dans lesquels passent les tuyaux d\u2019\u00e9vacuation, toutes les odeurs de fum\u00e9e arrivent aussi dans les chambres, et dans tout l\u2019appartement et comme mon fils, en plus d\u2019\u00eatre autiste, souffre d\u2019allergies, c\u2019est devenu compliqu\u00e9 de rester ici \u00bb, confie Carole, qui a fait d\u00e9marches et a trouv\u00e9 une solution pour \u00eatre relog\u00e9e.<\/p>\n<p>    <img   decoding=\"async\" loading=\"lazy\" class=\"size-large\" src=\"https:\/\/www.europesays.com\/fr\/wp-content\/uploads\/2025\/06\/0e5ee55271586126ee5527158066eev-960x640.jpg\" alt=\"Darn\u00e9tal Le Panorama suites incendie\" width=\"960\" height=\"640\"\/><br \/>\n    Depuis l\u2019incendie, les eaux us\u00e9es sont \u00e9vacu\u00e9es dans des cuves, qui ne sont pas toujours vid\u00e9es et qui d\u00e9bordent.\u00a0 \u00a9Isabelle VILLYLes locataires d\u00e9termin\u00e9s \u00e0 prendre un avocat<\/p>\n<p class=\" wall-content\">Aujourd\u2019hui, les locataires vivent dans le stress, comme cette habitante du cinqui\u00e8me \u00e9tage qui ne dort plus que sur son canap\u00e9 et avec les fen\u00eatres ouvertes, sa chambre pr\u00e9sentant encore des traces <strong>des inondations et de l\u2019incendie<\/strong>. \u00ab Cela fait un mois que les locataires sont dans la gal\u00e8re. Il n\u2019est plus possible de vivre ainsi : il faut continuer \u00e0 payer les loyers alors que la direction d\u2019Habitat 76 ne nous apporte pas de r\u00e9ponse. Si rien ne change, nous allons prendre un avocat et faire proc\u00e9der \u00e0 des constats par huissier \u00bb, annonce, d\u00e9termin\u00e9e, Sabrina, qui tient ici \u00e0 remercier le maire Christopher Langlois, qui les a soutenus.<\/p>\n<p class=\" wall-content\">\u00ab Il \u00e9tait l\u00e0 le jour de l\u2019incendie et il est intervenu aupr\u00e8s du bailleur \u00bb, confirme la m\u00e8re de la locataire sinistr\u00e9e.<\/p>\n<p>Le maire de Darn\u00e9tal reste \u00ab\u00a0attentif \u00e0 l\u2019\u00e9volution de la situation\u00a0\u00bb<\/p>\n<p class=\" wall-content\">\u00ab J\u2019ai \u00e9t\u00e9 inform\u00e9 de ces difficult\u00e9s persistantes rencontr\u00e9es par les locataires de l\u2019immeuble touch\u00e9 par l\u2019incendie. <strong>J\u2019en ai \u00e9chang\u00e9 aussit\u00f4t<\/strong> avec le directeur d\u2019Habitat 76, et lui ai indiqu\u00e9 que j\u2019attendais de lui une mobilisation et des r\u00e9ponses rapides et concr\u00e8tes pour les habitants, et donc la r\u00e9alisation des travaux n\u00e9cessaires dans les d\u00e9lais les plus restreints possibles \u00bb, indique le maire de Darn\u00e9tal, <strong>Christopher Langlois<\/strong>, contact\u00e9 par la R\u00e9daction.<\/p>\n<p>    <img   decoding=\"async\" loading=\"lazy\" class=\"size-large\" src=\"https:\/\/www.europesays.com\/fr\/wp-content\/uploads\/2025\/06\/da779552715863f77955271580f879v-960x640.jpg\" alt=\"Darn\u00e9tal Le Panorama suites incendie\" width=\"960\" height=\"640\"\/><br \/>\n    Dans cet appartement du cinqui\u00e8me \u00e9tage, la locataire attend que les cloisons soient refaites apr\u00e8s que le changement des tuyaux d\u2019\u00e9vacuation.\u00a0 \u00a9Isabelle VILLY<\/p>\n<p class=\" wall-content\">Il ajoute que depuis le jour du sinistre, il est pr\u00e9sent aux c\u00f4t\u00e9s des habitants, avec les services municipaux. \u00ab <strong>Nous nous sommes imm\u00e9diatement mobilis\u00e9s<\/strong>, avec beaucoup de rigueur, pour accompagner les locataires, les informer, les orienter, et leur apporter tout le soutien n\u00e9cessaire dans cette p\u00e9riode difficile. Je reste donc particuli\u00e8rement attentif \u00e0 l\u2019\u00e9volution de la situation et continuerai \u00e0 l\u2019\u00eatre jusqu\u2019\u00e0 ce que les engagements pris par le bailleur soient tenus \u00bb, promet l\u2019\u00e9lu.<\/p>\n<p>Suivez l\u2019actualit\u00e9 de Rouen <a href=\"https:\/\/www.whatsapp.com\/channel\/0029VaKfnf99hXF2ddApFB1D\" rel=\"nofollow noopener\" target=\"_blank\">sur notre cha\u00eene WhatsApp<\/a> et <a href=\"https:\/\/www.tiktok.com\/@76actu.fr?lang=fr\" rel=\"nofollow noopener\" target=\"_blank\">sur notre compte TikTok<\/a><\/p>\n<p class=\" wall-content\">Suivez toute l\u2019actualit\u00e9 de vos villes et m\u00e9dias favoris en vous inscrivant \u00e0 <a href=\"https:\/\/moncompte.actu.fr\" title=\"D\u00e9couvez Mon Actu\" rel=\"nofollow noopener\" data-trk=\"{&quot;cta&quot;:{&quot;action&quot;:&quot;https:\\\/\\\/moncompte.actu.fr&quot;,&quot;category&quot;:&quot;mon compte&quot;,&quot;from&quot;:&quot;article footer&quot;,&quot;name&quot;:&quot;Mon actu&quot;,&quot;type&quot;:&quot;cta&quot;}}\" target=\"_blank\">Mon Actu<\/a>.<\/p>\n<p>                    <script async src=\"\/\/www.tiktok.com\/embed.js\"><\/script><\/p>\n","protected":false},"excerpt":{"rendered":"Par Isabelle Villy Publi\u00e9 le 30 juin 2025 \u00e0 18h04 Les traces de l\u2019incendie du 24\u00a0mai sont encore&hellip;\n","protected":false},"author":2,"featured_media":216777,"comment_status":"","ping_status":"","sticky":false,"template":"","format":"standard","meta":{"footnotes":""},"categories":[9587],"tags":[1111,11,1777,674,1011,27,1116,12,5161,25,9590,104],"class_list":{"0":"post-216776","1":"post","2":"type-post","3":"status-publish","4":"format-standard","5":"has-post-thumbnail","7":"category-rouen","8":"tag-actu","9":"tag-actualites","10":"tag-eu","11":"tag-europe","12":"tag-fr","13":"tag-france","14":"tag-immobilier","15":"tag-news","16":"tag-normandie","17":"tag-republique-francaise","18":"tag-rouen","19":"tag-societe"},"share_on_mastodon":{"url":"https:\/\/pubeurope.com\/@fr\/114774760902706127","error":""},"_links":{"self":[{"href":"https:\/\/www.europesays.com\/fr\/wp-json\/wp\/v2\/posts\/216776","targetHints":{"allow":["GET"]}}],"collection":[{"href":"https:\/\/www.europesays.com\/fr\/wp-json\/wp\/v2\/posts"}],"about":[{"href":"https:\/\/www.europesays.com\/fr\/wp-json\/wp\/v2\/types\/post"}],"author":[{"embeddable":true,"href":"https:\/\/www.europesays.com\/fr\/wp-json\/wp\/v2\/users\/2"}],"replies":[{"embeddable":true,"href":"https:\/\/www.europesays.com\/fr\/wp-json\/wp\/v2\/comments?post=216776"}],"version-history":[{"count":0,"href":"https:\/\/www.europesays.com\/fr\/wp-json\/wp\/v2\/posts\/216776\/revisions"}],"wp:featuredmedia":[{"embeddable":true,"href":"https:\/\/www.europesays.com\/fr\/wp-json\/wp\/v2\/media\/216777"}],"wp:attachment":[{"href":"https:\/\/www.europesays.com\/fr\/wp-json\/wp\/v2\/media?parent=216776"}],"wp:term":[{"taxonomy":"category","embeddable":true,"href":"https:\/\/www.europesays.com\/fr\/wp-json\/wp\/v2\/categories?post=216776"},{"taxonomy":"post_tag","embeddable":true,"href":"https:\/\/www.europesays.com\/fr\/wp-json\/wp\/v2\/tags?post=216776"}],"curies":[{"name":"wp","href":"https:\/\/api.w.org\/{rel}","templated":true}]}}