{"id":216788,"date":"2025-06-30T22:56:30","date_gmt":"2025-06-30T22:56:30","guid":{"rendered":"https:\/\/www.europesays.com\/fr\/216788\/"},"modified":"2025-06-30T22:56:30","modified_gmt":"2025-06-30T22:56:30","slug":"un-festival-queer-100-gratuit-debarque-a-strasbourg","status":"publish","type":"post","link":"https:\/\/www.europesays.com\/fr\/216788\/","title":{"rendered":"un festival queer 100% gratuit d\u00e9barque \u00e0 Strasbourg"},"content":{"rendered":"<p><b>Elle sera<\/b><b> \u00ab\u00a0libre, audacieuse et plurielle\u00a0<\/b><b>\u00bb. Avec ces quelques mots, la premi\u00e8re \u00e9dition du festival Divercity nous annonce la couleur : arc-en-ciel. Le 5 juillet, la House of Marley Entertainment et la Ville de Strasbourg investissent le parc du Heyritz pour un \u00e9v\u00e9nement festif, culturel, informatif, flamboyant et bienveillant. Avec un programme qui a de l\u2019\u00e2me. Drag shows, concerts, DJ sets, stands et expo : la diversit\u00e9 dans ce qu\u2019elle a de plus beau. En plus, c\u2019est gratuit !\u00a0<\/b><\/p>\n<p>Avis de paillettes sur la ville ! Alors que ce d\u00e9but d\u2019\u00e9t\u00e9 flirte avec la canicule, la temp\u00e9rature risque encore de grimper le <b>samedi 5 juillet (de 12h \u00e0 22h)<\/b>\u00a0: c\u2019est qu\u2019il va faire show, sous l\u2019arc-en-ciel du <b>Divercity Festival.<\/b><\/p>\n<p>Sur le gazon du <strong>p<\/strong><b>arc du Heyritz<\/b>\u00a0se tiendra la <b>premi\u00e8re \u00e9dition d\u2019un festival <\/b>con\u00e7u en partenariat entre l\u2019association House of Marley Entertainment (H.O.M.E ASSO) et la Ville de Strasbourg.<\/p>\n<p>    <img width=\"480\" height=\"600\" src=\"https:\/\/www.europesays.com\/fr\/wp-content\/uploads\/2025\/06\/house-of-marley-credit-sprey-480x600.png\" class=\"attachment-image-size-M size-image-size-M\" alt=\"House_of_Marley_cr\u00e9dit_Sprey Divercity\" decoding=\"async\" loading=\"lazy\"  \/>         House of Marley. \u00a9 Sprey \/ Document remis <\/p>\n<p>Avec pour devise<b> <\/b><b>\u00ab\u00a0uni\u0387es dans la diversit\u00e9\u00a0\u00bb<\/b>, cet \u00e9v\u00e9nement se veut <b>\u00ab\u00a0festif et artistique\u00a0\u00bb<\/b><b>, <\/b><b>\u00ab\u00a0culturel, informatif et expressif\u00a0\u00bb<\/b>. L\u2019id\u00e9e\u00a0? \u00ab\u00a0C\u00e9l\u00e9br[er] les multiples facettes des cultures et identit\u00e9s queer, dans toute leur richesse et leur diversit\u00e9\u00a0\u00bb, \u00ab\u00a0contribue[r] \u00e0 la <b>visibilit\u00e9 de la communaut\u00e9 LGBTQIA+<\/b>\u00a0\u00bb\u00a0.<\/p>\n<p>Si Strasbourg organisait d\u00e9j\u00e0 son Mois des Visibilit\u00e9s (en parall\u00e8le du Mois des Fiert\u00e9s, f\u00eat\u00e9 \u00e0 l\u2019internationale), la Ville a d\u00e9sormais son festival\u00a0!<\/p>\n<p>                <img width=\"750\" height=\"500\" src=\"https:\/\/www.europesays.com\/fr\/wp-content\/uploads\/2025\/06\/240616-pka-pride-15-750x500.jpg\" class=\"attachment-gallery size-gallery\" alt=\"Pride Marche des fiert\u00e9s Queer manifestation\" data-full-url=\"https:\/\/pokaa.fr\/wp-content\/uploads\/2024\/06\/16\/240616-pka-pride-15.jpg\" decoding=\"async\" loading=\"lazy\"  \/>            <\/p>\n<p>                <img width=\"749\" height=\"500\" src=\"https:\/\/www.europesays.com\/fr\/wp-content\/uploads\/2025\/06\/dsc-7525-749x500.jpg\" class=\"attachment-gallery size-gallery\" alt=\"marche; visibilit\u00e9; lgbt; droits; pride; arc-en-ciel; lgbtqi\" data-full-url=\"https:\/\/pokaa.fr\/wp-content\/uploads\/2023\/06\/dsc-7525.jpg\" decoding=\"async\" loading=\"lazy\"  \/>            <\/p>\n<p>                    Marche des Visibilit\u00e9s \u00e0 Strasbourg. 1. \u00a9 Adrien Labit \/ Pokaa ; 2. \u00a9 Mathilde Cybulski \/ Pokaa<\/p>\n<p>Le r\u00e9sultat\u00a0: <b>10h de programmation gratuite<\/b> <b>propos\u00e9es \u00e0 toutes et tous <\/b>(concerts, DJ sets, drag shows, expo, stands d\u2019info et march\u00e9 d\u2019art). Ainsi qu\u2019un parc du Heyritz am\u00e9nag\u00e9 pour l\u2019occasion : <b>accessibilit\u00e9 PMR<\/b>, toilettes, safe place, et bar\/restauration en continu.<\/p>\n<p>On nous parle m\u00eame d\u2019<b>un stand #knackpourtoustes<\/b> avec des saucisses v\u00e9g\u00e9, poulet ou porc.<\/p>\n<p>    <img width=\"800\" height=\"533\" src=\"https:\/\/www.europesays.com\/fr\/wp-content\/uploads\/2025\/06\/250614-pka-pride-1-800x533.jpg\" class=\"attachment-image-size-L size-image-size-L\" alt=\"Pride marche des fiert\u00e9s LGBTQIA+\" decoding=\"async\" loading=\"lazy\"  \/>         Marche des Visibilit\u00e9s 2025. \u00a9 Adrien Labit \/ Pokaa <\/p>\n<p>Une affiche flamboyante\u00a0!<\/p>\n<p>Pour repr\u00e9senter cette <b>belle sc\u00e8ne <\/b><b>queer<\/b><b> strasbourgeoise<\/b>, le Divercity Festival alignera une <b>trentaine de performeurs\/ses <\/b>de la ville repr\u00e9sentant une diversit\u00e9 des pratiques\u2026<\/p>\n<p><b>Drag queens\/kings, chant, th\u00e9\u00e2tre, stand-up, pole dance <\/b>pour \u00ab\u00a0cr\u00e9er un espace de <b>visibilit\u00e9, de libert\u00e9 et de partage<\/b>, dans un <b>cadre bienveillant, inclusif et r\u00e9solument engag\u00e9<\/b>\u00a0\u00bb.<\/p>\n<p>    <img width=\"450\" height=\"600\" src=\"https:\/\/www.europesays.com\/fr\/wp-content\/uploads\/2025\/06\/adnee-450x600.jpg\" class=\"attachment-image-size-M size-image-size-M\" alt=\"Adnee Divercity\" decoding=\"async\" loading=\"lazy\"  \/>         \u00a9 Adnee \/ Document remis <\/p>\n<p>C\u00f4t\u00e9 show, la sc\u00e8ne principale accueillera <b>N\u00f6x\u00efm\u00e4 Marley<\/b>, la mother de la House of Marley, \u00e9videmment.<\/p>\n<p>Mais aussi : Rhea Phalange, Kassy, Ar\u00ef Meyde Marley, Orchid\u00e9e Fant\u00f4me, Melankh\u00f6lia Marley, Emeraude Plum, M\u00e4ybe Marley, Pastelle De Nada, Mizkeen, Adnee, An\u00efssa Benma Marley, \u00c9b\u00ebne B\u00f6nda Marley,\u00a0pour ne citer qu\u2019elles et eux.<\/p>\n<p>                <img width=\"383\" height=\"500\" src=\"https:\/\/www.europesays.com\/fr\/wp-content\/uploads\/2025\/06\/melancholia-portrait20240826-0024jpg-383x500.webp.webp\" class=\"attachment-gallery size-gallery\" alt=\"Melankh\u00f6lia + quai de sc\u00e8ne + house of marley\" data-full-url=\"https:\/\/pokaa.fr\/wp-content\/uploads\/2025\/01\/11\/melancholia-portrait20240826-0024jpg-1500x1958.webp\" decoding=\"async\" loading=\"lazy\"  \/>            <\/p>\n<p>                <img width=\"370\" height=\"500\" src=\"https:\/\/www.europesays.com\/fr\/wp-content\/uploads\/2025\/06\/noxima-portrait-4707-12102147jpg-370x500.webp.webp\" class=\"attachment-gallery size-gallery\" alt=\"House of marley + n\u00f6x\u00efm\u00e4 + quai de sc\u00e8ne\" data-full-url=\"https:\/\/pokaa.fr\/wp-content\/uploads\/2025\/01\/11\/noxima-portrait-4707-12102147jpg-1500x2027.webp\" decoding=\"async\" loading=\"lazy\"  \/>            <\/p>\n<p>                <img width=\"346\" height=\"500\" src=\"https:\/\/www.europesays.com\/fr\/wp-content\/uploads\/2025\/06\/ari-portrait20240826-0147jpg-346x500.webp.webp\" class=\"attachment-gallery size-gallery\" alt=\"Ar\u00ef Meyde Marley\" data-full-url=\"https:\/\/pokaa.fr\/wp-content\/uploads\/2025\/01\/11\/ari-portrait20240826-0147jpg-1500x2166.webp\" decoding=\"async\" loading=\"lazy\"  \/>            <\/p>\n<p>                    Melankh\u00f6lia, N\u00f6x\u00efm\u00e4 et Ar\u00ef Meyde Marley. \u00a9 House of Marley \/ Documents remis<\/p>\n<p>De la musique, il n\u2019en manquera pas\u2026 Avec <b>Cl\u00e9ment Visage<\/b>, d\u00e9j\u00e0. Une r\u00e9v\u00e9lation, \u00e0 la <b>\u00ab\u00a0pop \u00e9lectronique subtile\u00a0\u00bb<\/b> qui s\u00e9duit par \u00ab\u00a0son univers \u00e9nigmatique et sa voix haut perch\u00e9e, faussement fragile\u00a0\u00bb. Ou avec <b>Pelicanto<\/b> <b>\u2013 ch\u0153ur LGBTQ+ d\u2019Alsace \u2013 <\/b>qu\u2019on ne pr\u00e9sente plus.<\/p>\n<p>Ainsi qu\u2019aux platines avec <strong>MaxX MalloY<\/strong>. Ou <b>\u00c9van Tail aussi <\/b><b>\u00ab\u00a0passionn\u00e9 de vinyle [que] de voguing\u00a0\u00bb<\/b>, qui \u00ab\u00a0rend[ra] hommage aux sonorit\u00e9s classiques de la <b>ballroom<\/b> et \u00e0 la house new-yorkaise, aussi brillante que percutante\u00a0\u00bb.<\/p>\n<p>Et pour nous \u00ab\u00a0servir <b>les p\u00e9pites les plus paillet\u00e9es des sc\u00e8nes hip-hop<\/b>, reggaeton, neoperreo, shatta &amp; bass music\u00a0\u00bb\u00a0: <b>Daddy Iencli <\/b>(Collectif Incisifves, Wom\u00b7x).<\/p>\n<p>                <img width=\"376\" height=\"500\" src=\"https:\/\/www.europesays.com\/fr\/wp-content\/uploads\/2025\/06\/evan-tail-376x500.png\" class=\"attachment-gallery size-gallery\" alt=\"\u00c9van_Tail Divercity\" data-full-url=\"https:\/\/pokaa.fr\/wp-content\/uploads\/2025\/06\/23\/evan-tail.png\" decoding=\"async\" loading=\"lazy\"  \/>            <\/p>\n<p>                <img width=\"375\" height=\"500\" src=\"https:\/\/www.europesays.com\/fr\/wp-content\/uploads\/2025\/06\/daddy-iencli-375x500.jpg\" class=\"attachment-gallery size-gallery\" alt=\"Daddy_Iencli Divercity\" data-full-url=\"https:\/\/pokaa.fr\/wp-content\/uploads\/2025\/06\/23\/daddy-iencli.jpg\" decoding=\"async\" loading=\"lazy\"  \/>            <\/p>\n<p>                    1. \u00a9 \u00c9van Tail \/ Document remis ; 2. \u00a9 Daddy Iencli \/ Document remis<\/p>\n<p>    <img width=\"800\" height=\"533\" src=\"https:\/\/www.europesays.com\/fr\/wp-content\/uploads\/2025\/06\/pelicanto-credit-teona-goreci-800x533.jpg\" class=\"attachment-image-size-L size-image-size-L\" alt=\"Pelicanto_cr\u00e9dit_Teona_Goreci Divercity\" decoding=\"async\" loading=\"lazy\"  \/>         Pelicanto. \u00a9 Teona Goreci \/ Document remis <\/p>\n<p>Des stands pour se rencontrer<\/p>\n<p>Entre deux shows, on s\u2019attardera aux <b>stands<\/b>\u2026 Le Divercity Festival invite une <b>vingtaine d\u2019artistes<\/b> \u00e0 exposer leurs cr\u00e9ations\u00a0: <b>\u00ab Une vitrine de la cr\u00e9ativit\u00e9 queer, m\u00ealant illustration, mode, accessoires et artisanat. \u00bb<\/b><\/p>\n<p>Sur les tables, on nous pr\u00e9vient\u00a0: \u00ab Que du beau, que du fait main, que du c\u0153ur. \u00bb<\/p>\n<p>    <img width=\"800\" height=\"347\" src=\"https:\/\/www.europesays.com\/fr\/wp-content\/uploads\/2025\/06\/heyritz-7906.jpg\" class=\"attachment-image-size-L size-image-size-L\" alt=\"Heyritz-7906\" decoding=\"async\" loading=\"lazy\"  \/>         \u00a9 Tamara Leroy \/ Pokaa <\/p>\n<p>Et puisque le Divercity Festival veut aussi \u00eatre un espace de rencontre, le public trouvera sur place <b>10 stands associatifs<\/b>. Des \u00ab\u00a0<b>lieux de parole<\/b>, de sensibilisation et d\u2019\u00e9changes autour des th\u00e9matiques LGBTQIA+, anim\u00e9s par <b>des structures qui \u0153uvrent au quotidien pour l\u2019\u00e9galit\u00e9 des droits, la solidarit\u00e9 et l\u2019inclusion<\/b>\u00a0\u00bb.<\/p>\n<p>\u00c0 savoir\u00a0: la House of Marley Entertainment, SOS Homophobie, Diaspora, Hot\u2022te Queer, FAG, House Of Diamonds, Impossible But Black, GREYPRIDE, Claque tes strass, The Matriarch.<\/p>\n<p>                <a href=\"https:\/\/pokaa.fr\/2025\/06\/12\/celebrer-les-cultures-noires-a-strasbourg-rencontre-avec-lasso-impossible-but-black\/\" rel=\"nofollow noopener\" target=\"_blank\"><br \/>\n                    <img width=\"450\" height=\"270\" src=\"https:\/\/www.europesays.com\/fr\/wp-content\/uploads\/2025\/06\/groupejpeg010-450x270.jpeg\" class=\"attachment-card-horizontal--same-subject size-card-horizontal--same-subject wp-post-image\" alt=\"\" decoding=\"async\" loading=\"lazy\"\/>                <\/a><\/p>\n<p>    <img width=\"450\" height=\"600\" src=\"https:\/\/www.europesays.com\/fr\/wp-content\/uploads\/2025\/06\/noxima-credit-atelier-gilbert-450x600.jpg\" class=\"attachment-image-size-M size-image-size-M\" alt=\"N\u00f6x\u00efm\u00e4_cr\u00e9dit_Atelier_Gilbert Divercity\" decoding=\"async\" loading=\"lazy\"  \/>         N\u00f6x\u00efm\u00e4 Marley dans l&rsquo;Amsterdam Rainbow Dress. \u00a9 Atelier Gilbert \/ Document remis <\/p>\n<p>Et enfin, pr\u00e9vue comme une <b>\u00ab\u00a0exposition symbolique\u00a0\u00bb<\/b>\u00a0: la r\u00e9trospective autour de l\u2019<b>Amsterdam Rainbow Dress<\/b>. Une robe d\u2019Atelier Gilbert et YOUPI studio, <b>port\u00e9e par N\u00f6x\u00efm\u00e4 Marley lors de l\u2019IDAHOT 2024 <\/b>[acronyme de l\u2019International Day Against Homophobia and Transphobia, ou Journ\u00e9e internationale contre l\u2019homophobie, la transphobie et la biphobie, comm\u00e9mor\u00e9e le 17 mai, ndlr].<\/p>\n<p>Apr\u00e8s avoir \u00e9t\u00e9 expos\u00e9e au Conseil de l\u2019Europe \u00e0 l\u2019occasion du Forum mondial de la d\u00e9mocratie en novembre 2024, le Divercity Festival lui fera une belle place : quelle que soit la m\u00e9t\u00e9o du jour, il y aura donc bien un arc-en-ciel \u00e0 Strasbourg.<\/p>\n<p><strong>Queers ou alli\u00e9(e)s de Strasbourg : pour bien d\u00e9marrer juillet, vous savez o\u00f9 aller !<\/strong><\/p>\n<p>            Divercity Festival, 1\u00e8re \u00e9dition<\/p>\n<p>            Quoi ? <\/p>\n<p>Concerts, DJ sets, performances, stands associatifs et de cr\u00e9ateurs\/rices, exposition pour visibiliser la communaut\u00e9 LGBTQIA+<\/p>\n<p>                Quand ?<\/p>\n<p>Samedi 5 juillet, de 12h \u00e0 22h<\/p>\n<p>            o\u00f9 ?<\/p>\n<p>Au parc du Heyritz, \u00e0 Strasbourg (c\u00f4t\u00e9 club d\u2019Aviron)<\/p>\n<p>                Plus d&rsquo;infos ?<\/p>\n<p><a href=\"https:\/\/fb.me\/e\/39l9POGPH\" target=\"_blank\" rel=\"noopener nofollow\">L\u2019\u00e9v\u00e9nement Facebook<\/a><br \/><a href=\"https:\/\/lab.sprey.fr\/www\/divercity\/\" target=\"_blank\" rel=\"noopener nofollow\">Site Internet<\/a><\/p>\n<p>Acc\u00e8s gratuit<\/p>\n","protected":false},"excerpt":{"rendered":"Elle sera \u00ab\u00a0libre, audacieuse et plurielle\u00a0\u00bb. Avec ces quelques mots, la premi\u00e8re \u00e9dition du festival Divercity nous annonce&hellip;\n","protected":false},"author":2,"featured_media":216789,"comment_status":"","ping_status":"","sticky":false,"template":"","format":"standard","meta":{"footnotes":""},"categories":[2820],"tags":[1111,11,4763,29046,1697,12084,29739,1777,674,652,849,1011,27,775,326,9087,12,14813,21919,35619,3907,15348,25,640,4064],"class_list":{"0":"post-216788","1":"post","2":"type-post","3":"status-publish","4":"format-standard","5":"has-post-thumbnail","7":"category-strasbourg","8":"tag-actu","9":"tag-actualites","10":"tag-agenda","11":"tag-artisanat-local","12":"tag-concert","13":"tag-dj-set","14":"tag-dragshow","15":"tag-eu","16":"tag-europe","17":"tag-famille","18":"tag-festival","19":"tag-fr","20":"tag-france","21":"tag-grand-est","22":"tag-gratuit","23":"tag-lgbt","24":"tag-news","25":"tag-open-air","26":"tag-ou-sortir","27":"tag-parc-du-heyritz","28":"tag-que-faire","29":"tag-queer","30":"tag-republique-francaise","31":"tag-strasbourg","32":"tag-week-end"},"share_on_mastodon":{"url":"https:\/\/pubeurope.com\/@fr\/114774788934609779","error":""},"_links":{"self":[{"href":"https:\/\/www.europesays.com\/fr\/wp-json\/wp\/v2\/posts\/216788","targetHints":{"allow":["GET"]}}],"collection":[{"href":"https:\/\/www.europesays.com\/fr\/wp-json\/wp\/v2\/posts"}],"about":[{"href":"https:\/\/www.europesays.com\/fr\/wp-json\/wp\/v2\/types\/post"}],"author":[{"embeddable":true,"href":"https:\/\/www.europesays.com\/fr\/wp-json\/wp\/v2\/users\/2"}],"replies":[{"embeddable":true,"href":"https:\/\/www.europesays.com\/fr\/wp-json\/wp\/v2\/comments?post=216788"}],"version-history":[{"count":0,"href":"https:\/\/www.europesays.com\/fr\/wp-json\/wp\/v2\/posts\/216788\/revisions"}],"wp:featuredmedia":[{"embeddable":true,"href":"https:\/\/www.europesays.com\/fr\/wp-json\/wp\/v2\/media\/216789"}],"wp:attachment":[{"href":"https:\/\/www.europesays.com\/fr\/wp-json\/wp\/v2\/media?parent=216788"}],"wp:term":[{"taxonomy":"category","embeddable":true,"href":"https:\/\/www.europesays.com\/fr\/wp-json\/wp\/v2\/categories?post=216788"},{"taxonomy":"post_tag","embeddable":true,"href":"https:\/\/www.europesays.com\/fr\/wp-json\/wp\/v2\/tags?post=216788"}],"curies":[{"name":"wp","href":"https:\/\/api.w.org\/{rel}","templated":true}]}}