{"id":216797,"date":"2025-06-30T23:01:11","date_gmt":"2025-06-30T23:01:11","guid":{"rendered":"https:\/\/www.europesays.com\/fr\/216797\/"},"modified":"2025-06-30T23:01:11","modified_gmt":"2025-06-30T23:01:11","slug":"polemique-apres-la-suspension-de-son-jumelage-avec-une-ville-israelienne","status":"publish","type":"post","link":"https:\/\/www.europesays.com\/fr\/216797\/","title":{"rendered":"Pol\u00e9mique apr\u00e8s la suspension de son jumelage avec une ville isra\u00e9lienne"},"content":{"rendered":"<p>Comme \u00e0 Marseille et \u00e0 Strasbourg, la <a href=\"https:\/\/www.20minutes.fr\/monde\/israel\/\" class=\"color-ultramarine c-link\" target=\"_blank\" rel=\"noopener\">guerre Isra\u00ebl-Hamas<\/a> s\u2019invite aussi dans les d\u00e9bats \u00e0 Bordeaux. La d\u00e9cision de la ville de <a href=\"https:\/\/www.20minutes.fr\/search?q=Bordeaux+#gsc.tab=0&amp;gsc.q=Bordeaux%20&amp;gsc.page=1\" class=\"color-ultramarine c-link\" target=\"_blank\" rel=\"noopener\">Bordeaux <\/a>de suspendre \u00ab\u00a0toute activit\u00e9 de coop\u00e9ration\u00a0\u00bb avec la ville isra\u00e9lienne d\u2019Ashdod a fait pol\u00e9mique lundi, l\u2019opposition accusant <a href=\"https:\/\/www.20minutes.fr\/dossier\/pierre-hurmic\" class=\"color-ultramarine c-link\" target=\"_blank\" rel=\"noopener\">Pierre Hurmic<\/a> d\u2019agir en vue des prochaines <a href=\"https:\/\/www.20minutes.fr\/municipales\/\" class=\"color-ultramarine c-link\" target=\"_blank\" rel=\"noopener\">\u00e9lections municipales<\/a>.<\/p>\n<p>Le 26 juin, le maire \u00e9cologiste a \u00e9crit \u00e0 son homologue d\u2019Ashdod, au sud de Tel-Aviv, pour l\u2019informer de sa volont\u00e9 de suspendre \u00ab\u00a0toute activit\u00e9 de coop\u00e9ration\u00a0\u00bb dans l\u2019attente d\u2019un \u00ab\u00a0cessez-le-feu durable\u00a0\u00bb et d\u2019un \u00ab\u00a0processus de paix\u00a0\u00bb, <a href=\"https:\/\/rue89bordeaux.com\/2025\/06\/bordeaux-suspend-son-jumelage-avec-ashdod-dans-lattente-dun-cessez-le-feu\/#:~:text=%5BInfo%20Rue89%20Bordeaux%5D%20Dans%20une,paix%20ne%20seront%20pas%20engag%C3%A9s%20%C2%BB.\" rel=\"nofollow noopener\" target=\"_blank\" class=\"color-ultramarine c-link\">avait r\u00e9v\u00e9l\u00e9 le site d\u2019information Rue89 Bordeaux.<\/a><\/p>\n<p>Dans ce courrier, l\u2019\u00e9dile rappelle son soutien \u00e0 Ashdod apr\u00e8s l\u2019attaque du mouvement islamiste palestinien Hamas sur le sol isra\u00e9lien le 7\u00a0octobre 2023, et son appel \u00e0 la lib\u00e9ration des otages aux c\u00f4t\u00e9s de la communaut\u00e9 juive bordelaise. Mais il \u00ab\u00a0d\u00e9plore, comme beaucoup, que la riposte isra\u00e9lienne dans la bande de Gaza engendre tant de souffrances inadmissibles touchant les populations civiles palestiniennes\u00a0\u00bb.<\/p>\n<p>Un \u00ab\u00a0gage donn\u00e9 \u00e0 la frange la plus radicale de l\u2019extr\u00eame gauche\u00a0\u00bb<\/p>\n<p>Lundi, le groupe d\u2019opposition Bordeaux Ensemble pr\u00e9sid\u00e9 par Nathalie Delattre, ministre du Tourisme, a d\u00e9nonc\u00e9 un \u00ab\u00a0gage donn\u00e9 \u00e0 la frange la plus radicale de l\u2019extr\u00eame gauche dans un contexte pr\u00e9\u00e9lectoral\u00a0\u00bb.<\/p>\n<p>Celle qui s\u2019est d\u00e9clar\u00e9 candidate pour les municipales de\u00a02026 d\u00e9plore une d\u00e9cision \u00ab\u00a0prise de mani\u00e8re solitaire\u00a0\u00bb et un \u00ab\u00a0revirement\u00a0\u00bb du maire qui, il y a un an, avait refus\u00e9 de suspendre ce jumelage. Le parti Reconqu\u00eate en Gironde a condamn\u00e9, lui, une \u00ab\u00a0trahison des valeurs bordelaises\u00a0\u00bb et un \u00ab\u00a0coup m\u00e9diatique\u00a0\u00bb.<\/p>\n<p>Le pr\u00e9sident du Crif Bordeaux Aquitaine, Albert Massiah, avait pr\u00e9c\u00e9demment reproch\u00e9 au maire de Bordeaux le jumelage persistant avec Saint-P\u00e9tersbourg, dont le pays est \u00ab\u00a0ouvertement en guerre et condamn\u00e9 par la communaut\u00e9 internationale\u00a0\u00bb.<\/p>\n<p>\u00ab\u00a0Nous ne rompons pas tout dialogue avec Ashdod\u00a0\u00bb<\/p>\n<p>Lundi, dans une interview au journal <a href=\"https:\/\/www.sudouest.fr\/gironde\/bordeaux\/cooperation-suspendue-entre-bordeaux-et-ashdod-nous-ne-rompons-pas-tout-dialogue-25045305.php\" target=\"_blank\" class=\"color-ultramarine c-link\" rel=\"noopener\">Sud Ouest<\/a>, l\u2019adjointe bordelaise aux Coop\u00e9rations territoriales europ\u00e9ennes et internationales a pr\u00e9cis\u00e9 que la coop\u00e9ration avec Saint-P\u00e9tersbourg et Bakou \u00e9tait aussi suspendue. \u00ab\u00a0Nous ne rompons pas tout dialogue avec Ashdod, nous rappelons notre attachement \u00e0 l\u2019\u00c9tat de droit et notre pr\u00e9occupation par rapport \u00e0 la situation actuelle \u00e0 Gaza\u00a0\u00bb, a d\u00e9fendu C\u00e9line Papin.<\/p>\n<\/p>\n<p>La semaine derni\u00e8re, la ville de Strasbourg a adopt\u00e9 un jumelage avec le camp de r\u00e9fugi\u00e9s palestinien d\u2019A\u00efda (Cisjordanie) en suspendant celui qu\u2019elle a avec la ville isra\u00e9lienne de Ramat Gan. \u00c0 Marseille, des \u00e9lus \u00e9cologistes et LFI ont r\u00e9clam\u00e9 le d\u00e9jumelage avec Ha\u00effa (Isra\u00ebl), ce \u00e0 quoi s\u2019oppose le maire divers gauche Beno\u00eet Payan.<\/p>\n","protected":false},"excerpt":{"rendered":"Comme \u00e0 Marseille et \u00e0 Strasbourg, la guerre Isra\u00ebl-Hamas s\u2019invite aussi dans les d\u00e9bats \u00e0 Bordeaux. La d\u00e9cision&hellip;\n","protected":false},"author":2,"featured_media":216798,"comment_status":"","ping_status":"","sticky":false,"template":"","format":"standard","meta":{"footnotes":""},"categories":[2817],"tags":[1111,11,3177,1997,23840,1777,674,1011,27,665,2905,664,12,2219,4860,1306,25],"class_list":{"0":"post-216797","1":"post","2":"type-post","3":"status-publish","4":"format-standard","5":"has-post-thumbnail","7":"category-bordeaux","8":"tag-actu","9":"tag-actualites","10":"tag-aquitaine","11":"tag-bordeaux","12":"tag-communaute-juive","13":"tag-eu","14":"tag-europe","15":"tag-fr","16":"tag-france","17":"tag-gaza","18":"tag-gironde","19":"tag-israel","20":"tag-news","21":"tag-nouvelle-aquitaine","22":"tag-pierre-hurmic","23":"tag-regions","24":"tag-republique-francaise"},"share_on_mastodon":{"url":"https:\/\/pubeurope.com\/@fr\/114774807859997319","error":""},"_links":{"self":[{"href":"https:\/\/www.europesays.com\/fr\/wp-json\/wp\/v2\/posts\/216797","targetHints":{"allow":["GET"]}}],"collection":[{"href":"https:\/\/www.europesays.com\/fr\/wp-json\/wp\/v2\/posts"}],"about":[{"href":"https:\/\/www.europesays.com\/fr\/wp-json\/wp\/v2\/types\/post"}],"author":[{"embeddable":true,"href":"https:\/\/www.europesays.com\/fr\/wp-json\/wp\/v2\/users\/2"}],"replies":[{"embeddable":true,"href":"https:\/\/www.europesays.com\/fr\/wp-json\/wp\/v2\/comments?post=216797"}],"version-history":[{"count":0,"href":"https:\/\/www.europesays.com\/fr\/wp-json\/wp\/v2\/posts\/216797\/revisions"}],"wp:featuredmedia":[{"embeddable":true,"href":"https:\/\/www.europesays.com\/fr\/wp-json\/wp\/v2\/media\/216798"}],"wp:attachment":[{"href":"https:\/\/www.europesays.com\/fr\/wp-json\/wp\/v2\/media?parent=216797"}],"wp:term":[{"taxonomy":"category","embeddable":true,"href":"https:\/\/www.europesays.com\/fr\/wp-json\/wp\/v2\/categories?post=216797"},{"taxonomy":"post_tag","embeddable":true,"href":"https:\/\/www.europesays.com\/fr\/wp-json\/wp\/v2\/tags?post=216797"}],"curies":[{"name":"wp","href":"https:\/\/api.w.org\/{rel}","templated":true}]}}